{"id":34590,"date":"2024-08-24T21:15:04","date_gmt":"2024-08-25T00:15:04","guid":{"rendered":"https:\/\/ligamercedina.com\/web\/?p=34590"},"modified":"2024-08-26T10:07:41","modified_gmt":"2024-08-26T13:07:41","slug":"primera-division-a-sexta-fecha","status":"publish","type":"post","link":"https:\/\/ligamercedina.com\/web\/primera-division-a-sexta-fecha\/","title":{"rendered":"Primera Divisi\u00f3n A &#8211; sexta fecha"},"content":{"rendered":"<p><strong><a href=\"https:\/\/ligamercedina.com\/web\/wp-content\/uploads\/2024\/08\/IMG_8567.jpg\"><img loading=\"lazy\" decoding=\"async\" class=\"aligncenter size-full wp-image-34620\" src=\"https:\/\/ligamercedina.com\/web\/wp-content\/uploads\/2024\/08\/IMG_8567.jpg\" alt=\"\" width=\"1000\" height=\"618\" srcset=\"https:\/\/ligamercedina.com\/web\/wp-content\/uploads\/2024\/08\/IMG_8567.jpg 1000w, https:\/\/ligamercedina.com\/web\/wp-content\/uploads\/2024\/08\/IMG_8567-300x185.jpg 300w, https:\/\/ligamercedina.com\/web\/wp-content\/uploads\/2024\/08\/IMG_8567-768x475.jpg 768w\" sizes=\"auto, (max-width: 1000px) 100vw, 1000px\" \/><\/a><br \/>\nJuventud 0.<\/strong><br \/>\n<strong>Jorge Newbery 2: <\/strong>Federico Fern\u00e1ndez y Enzo Laurino.<br \/>\n<strong>Arbitro:<\/strong> Tom\u00e1s S\u00e1nchez (CAM).<br \/>\n<strong>Expulsados:<\/strong> Tob\u00edas Gonz\u00e1lez y Rom\u00e1n Mendoza (J).<\/p>\n<p><strong>All Haz 1:<\/strong> Enzo Labayru.<br \/>\n<strong>Carteros 0.<\/strong><br \/>\n<strong>Arbitro:<\/strong> Miguel Contreras (AAM).<\/p>\n<p><strong>Defensores 0.<\/strong><br \/>\n<strong>Villa Manchi 2:<\/strong> Lautaro Argara\u00f1az.<br \/>\n<strong>Arbitro:<\/strong> Eduardo Aguirre (AAM).<br \/>\n<strong>Expulsado:<\/strong> Nicol\u00e1s Montenegro (D) y Lautaro Argara\u00f1az (VM).<\/p>\n<p><strong>V\u00e9lez Sarsfield 2:<\/strong> Marcelo Gonz\u00e1lez 2.<br \/>\n<strong>Atl\u00e9tico Rodr\u00edguez 2:<\/strong> Nicol\u00e1s Domenech e Ignacio L\u00f3pez.<br \/>\n<strong>Arbitro:<\/strong> Jos\u00e9 Silvero (CADEP).<br \/>\n<strong>Expulsado:<\/strong> Nahuel Ram\u00edrez (AGR).<\/p>\n<p><strong>Estudiantes 0.<\/strong><br \/>\n<strong>Trocha 0.<\/strong><br \/>\n<strong>Arbitro:<\/strong> Mat\u00edas Santicluque (CADEP).<br \/>\n<strong>Expulsado:<\/strong> Sebasti\u00e1n Biaggini (E).<\/p>\n<p><strong>Club Mercedes 2:<\/strong> Juan Cabrera de penal y Francisco Silvestre.<br \/>\n<strong>Uni\u00f3n 0.<\/strong><br \/>\n<strong>Arbitro:<\/strong> Luis L\u00f3pez (AAM).<\/p>\n<p><strong>El Front\u00f3n 2:<\/strong> Lucas Guillet y pedro Gussoni.<br \/>\n<strong>Pabell\u00f3n Argentino 1:<\/strong> Lucas P\u00e9rez Zunino.<br \/>\n<strong>Arbitro:<\/strong> Fernando C\u00f3rdoba.<br \/>\n<strong>Expulsado:<\/strong> Ezequiel T\u00e1mparo (EF). Francisco Adimaro (P).<br \/>\n<a href=\"https:\/\/ligamercedina.com\/web\/wp-content\/uploads\/2024\/08\/Primera-division-A-5.jpg\"><img loading=\"lazy\" decoding=\"async\" class=\"aligncenter size-full wp-image-34627\" src=\"https:\/\/ligamercedina.com\/web\/wp-content\/uploads\/2024\/08\/Primera-division-A-5.jpg\" alt=\"\" width=\"639\" height=\"403\" srcset=\"https:\/\/ligamercedina.com\/web\/wp-content\/uploads\/2024\/08\/Primera-division-A-5.jpg 639w, https:\/\/ligamercedina.com\/web\/wp-content\/uploads\/2024\/08\/Primera-division-A-5-300x189.jpg 300w\" sizes=\"auto, (max-width: 639px) 100vw, 639px\" \/><\/a><\/p>\n<p><strong>Pr\u00f3xima fecha<\/strong><br \/>\nUni\u00f3n vs. Juventud<br \/>\nAtl\u00e9tico Rodr\u00edguez vs. Mercedes.<br \/>\nCarteros vs. Estudiantes.<br \/>\nJorge Newbery vs. Defensores.<br \/>\nVilla Manchi vs. All Haz.<br \/>\nTrocha vs. Pabell\u00f3n Argentino.<br \/>\nEl Front\u00f3n vs. V\u00e9lez Sarsfield.<\/p>\n<p><strong>\u00a0<\/strong><\/p>\n","protected":false},"excerpt":{"rendered":"<p>Juventud 0. Jorge Newbery 2: Federico Fern\u00e1ndez y Enzo Laurino. Arbitro: Tom\u00e1s S\u00e1nchez (CAM). Expulsados: Tob\u00edas Gonz\u00e1lez y Rom\u00e1n Mendoza (J). All Haz 1: Enzo Labayru. Carteros 0. Arbitro: Miguel Contreras (AAM). Defensores 0. Villa Manchi 2: Lautaro Argara\u00f1az. Arbitro: Eduardo Aguirre (AAM). Expulsado: Nicol\u00e1s Montenegro (D) y Lautaro Argara\u00f1az (VM). V\u00e9lez Sarsfield 2: Marcelo Gonz\u00e1lez 2. Atl\u00e9tico Rodr\u00edguez 2:<\/p>\n","protected":false},"author":2,"featured_media":0,"comment_status":"open","ping_status":"open","sticky":false,"template":"","format":"standard","meta":{"footnotes":""},"categories":[4],"tags":[114,121],"class_list":["post-34590","post","type-post","status-publish","format-standard","hentry","category-informaciongeneral","tag-liga-mercedina-de-futbol","tag-primera-division-a"],"_links":{"self":[{"href":"https:\/\/ligamercedina.com\/web\/wp-json\/wp\/v2\/posts\/34590","targetHints":{"allow":["GET"]}}],"collection":[{"href":"https:\/\/ligamercedina.com\/web\/wp-json\/wp\/v2\/posts"}],"about":[{"href":"https:\/\/ligamercedina.com\/web\/wp-json\/wp\/v2\/types\/post"}],"author":[{"embeddable":true,"href":"https:\/\/ligamercedina.com\/web\/wp-json\/wp\/v2\/users\/2"}],"replies":[{"embeddable":true,"href":"https:\/\/ligamercedina.com\/web\/wp-json\/wp\/v2\/comments?post=34590"}],"version-history":[{"count":7,"href":"https:\/\/ligamercedina.com\/web\/wp-json\/wp\/v2\/posts\/34590\/revisions"}],"predecessor-version":[{"id":34628,"href":"https:\/\/ligamercedina.com\/web\/wp-json\/wp\/v2\/posts\/34590\/revisions\/34628"}],"wp:attachment":[{"href":"https:\/\/ligamercedina.com\/web\/wp-json\/wp\/v2\/media?parent=34590"}],"wp:term":[{"taxonomy":"category","embeddable":true,"href":"https:\/\/ligamercedina.com\/web\/wp-json\/wp\/v2\/categories?post=34590"},{"taxonomy":"post_tag","embeddable":true,"href":"https:\/\/ligamercedina.com\/web\/wp-json\/wp\/v2\/tags?post=34590"}],"curies":[{"name":"wp","href":"https:\/\/api.w.org\/{rel}","templated":true}]}}