{"id":34588,"date":"2024-08-24T21:13:05","date_gmt":"2024-08-25T00:13:05","guid":{"rendered":"https:\/\/ligamercedina.com\/web\/?p=34588"},"modified":"2024-08-26T10:07:02","modified_gmt":"2024-08-26T13:07:02","slug":"segunda-division-sexta-fecha-2","status":"publish","type":"post","link":"https:\/\/ligamercedina.com\/web\/segunda-division-sexta-fecha-2\/","title":{"rendered":"Segunda Divisi\u00f3n &#8211; sexta fecha"},"content":{"rendered":"<p><strong><a href=\"https:\/\/ligamercedina.com\/web\/wp-content\/uploads\/2024\/08\/IMG_8530.jpg\"><img loading=\"lazy\" decoding=\"async\" class=\"aligncenter size-full wp-image-34623\" src=\"https:\/\/ligamercedina.com\/web\/wp-content\/uploads\/2024\/08\/IMG_8530.jpg\" alt=\"\" width=\"640\" height=\"427\" srcset=\"https:\/\/ligamercedina.com\/web\/wp-content\/uploads\/2024\/08\/IMG_8530.jpg 640w, https:\/\/ligamercedina.com\/web\/wp-content\/uploads\/2024\/08\/IMG_8530-300x200.jpg 300w\" sizes=\"auto, (max-width: 640px) 100vw, 640px\" \/><\/a>El Tim\u00f3n 10:<\/strong> Enzo Mazzocchi 3, Joaqu\u00edn Parra 2, Esteban Pederiva 2, Juan Rueda, Agust\u00edn Moreno y Esteban Almada.<br \/>\n<strong>Talleres 0<\/strong>.<br \/>\n<strong>Arbitro:<\/strong> Gast\u00f3n C\u00f3rdoba.<br \/>\n<strong>Expulsado:<\/strong> Lucas Leguizam\u00f3n (T).<\/p>\n<p><strong>Quilmes 0. <\/strong><br \/>\n<strong>Palometas 1:<\/strong> Francisco Del Vento.<br \/>\n<strong>Arbitro:<\/strong> Pedro Lucero (CADEP).<\/p>\n<p><strong>Holanda 3:<\/strong> Facundo P\u00e9rez, Emiliano Pais, Federico Ledesma.<br \/>\n<strong>La Tijera 0.<\/strong><br \/>\n<strong>Arbitro:<\/strong> Lucas Avalos (AAM).<\/p>\n<p><strong>Deportivo Gowland 0.<\/strong><br \/>\n<strong>AMEFIP ATILRA 3:<\/strong> Ariel Taborda 2 y Ezequiel Cerrutti.<br \/>\n<strong>Arbitro:<\/strong> Ezequiel Quiroga (CADEP).<br \/>\n<strong>Expulsado:<\/strong> Edgard Cabrera (AMEFIP).<br \/>\n<a href=\"https:\/\/ligamercedina.com\/web\/wp-content\/uploads\/2024\/08\/Segunda-division-A-5.jpg\"><img loading=\"lazy\" decoding=\"async\" class=\"aligncenter size-full wp-image-34625\" src=\"https:\/\/ligamercedina.com\/web\/wp-content\/uploads\/2024\/08\/Segunda-division-A-5.jpg\" alt=\"\" width=\"635\" height=\"272\" srcset=\"https:\/\/ligamercedina.com\/web\/wp-content\/uploads\/2024\/08\/Segunda-division-A-5.jpg 635w, https:\/\/ligamercedina.com\/web\/wp-content\/uploads\/2024\/08\/Segunda-division-A-5-300x129.jpg 300w\" sizes=\"auto, (max-width: 635px) 100vw, 635px\" \/><\/a><\/p>\n<p><strong>Pr\u00f3xima fecha<\/strong><br \/>\nAMEFIP vs. Holanda.<br \/>\nAteneo vs. Quilmes.<br \/>\nLa Tijera vs. Deportivo Gowland.<br \/>\nPalometas vs. El Tim\u00f3n.<br \/>\n<strong>Libre:<\/strong> Talleres.<\/p>\n","protected":false},"excerpt":{"rendered":"<p>El Tim\u00f3n 10: Enzo Mazzocchi 3, Joaqu\u00edn Parra 2, Esteban Pederiva 2, Juan Rueda, Agust\u00edn Moreno y Esteban Almada. Talleres 0. Arbitro: Gast\u00f3n C\u00f3rdoba. Expulsado: Lucas Leguizam\u00f3n (T). Quilmes 0. Palometas 1: Francisco Del Vento. Arbitro: Pedro Lucero (CADEP). Holanda 3: Facundo P\u00e9rez, Emiliano Pais, Federico Ledesma. La Tijera 0. Arbitro: Lucas Avalos (AAM). Deportivo Gowland 0. AMEFIP ATILRA 3:<\/p>\n","protected":false},"author":2,"featured_media":0,"comment_status":"open","ping_status":"open","sticky":false,"template":"","format":"standard","meta":{"footnotes":""},"categories":[4],"tags":[114,122],"class_list":["post-34588","post","type-post","status-publish","format-standard","hentry","category-informaciongeneral","tag-liga-mercedina-de-futbol","tag-segunda-division-a"],"_links":{"self":[{"href":"https:\/\/ligamercedina.com\/web\/wp-json\/wp\/v2\/posts\/34588","targetHints":{"allow":["GET"]}}],"collection":[{"href":"https:\/\/ligamercedina.com\/web\/wp-json\/wp\/v2\/posts"}],"about":[{"href":"https:\/\/ligamercedina.com\/web\/wp-json\/wp\/v2\/types\/post"}],"author":[{"embeddable":true,"href":"https:\/\/ligamercedina.com\/web\/wp-json\/wp\/v2\/users\/2"}],"replies":[{"embeddable":true,"href":"https:\/\/ligamercedina.com\/web\/wp-json\/wp\/v2\/comments?post=34588"}],"version-history":[{"count":5,"href":"https:\/\/ligamercedina.com\/web\/wp-json\/wp\/v2\/posts\/34588\/revisions"}],"predecessor-version":[{"id":34626,"href":"https:\/\/ligamercedina.com\/web\/wp-json\/wp\/v2\/posts\/34588\/revisions\/34626"}],"wp:attachment":[{"href":"https:\/\/ligamercedina.com\/web\/wp-json\/wp\/v2\/media?parent=34588"}],"wp:term":[{"taxonomy":"category","embeddable":true,"href":"https:\/\/ligamercedina.com\/web\/wp-json\/wp\/v2\/categories?post=34588"},{"taxonomy":"post_tag","embeddable":true,"href":"https:\/\/ligamercedina.com\/web\/wp-json\/wp\/v2\/tags?post=34588"}],"curies":[{"name":"wp","href":"https:\/\/api.w.org\/{rel}","templated":true}]}}