{"id":34572,"date":"2024-08-23T17:01:38","date_gmt":"2024-08-23T20:01:38","guid":{"rendered":"https:\/\/ligamercedina.com\/web\/?p=34572"},"modified":"2024-08-23T17:12:54","modified_gmt":"2024-08-23T20:12:54","slug":"primera-y-reserva-sexta-fecha","status":"publish","type":"post","link":"https:\/\/ligamercedina.com\/web\/primera-y-reserva-sexta-fecha\/","title":{"rendered":"Primera y Reserva &#8211; sexta fecha"},"content":{"rendered":"<p><strong>S\u00e1bado 24 de agosto<br \/>\nCancha:<\/strong> El Tim\u00f3n.<br \/>\nA las 16 El Tim\u00f3n vs. Talleres.<\/p>\n<p><strong>Cancha:<\/strong> Municipal de Suipacha.<br \/>\nA las 18.30 Juventud vs. Jorge Newbery.<\/p>\n<p><strong>Domingo 25 de agosto<br \/>\nCancha:<\/strong> Liga Mercedina.<br \/>\n<strong>Segunda<\/strong><br \/>\nA las 11 Holanda vs. La Tijera.<br \/>\nA las 13 All Haz vs. Carteros.<br \/>\nA las 15 Mercedes vs. Uni\u00f3n.<br \/>\nA las 17 Defensores vs. Villa Manchi.<\/p>\n<p><strong>Cancha:<\/strong> V\u00e9lez.<br \/>\nA las 13 V\u00e9lez Sarsfield vs. Atl\u00e9tico Rodr\u00edguez.<\/p>\n<p><strong>Cancha:<\/strong> Quilmes.<br \/>\nA las 13 Deportivo Gowland vs. AMEFIP ATILRA.<br \/>\nA las 15 Quilmes vs. Palometas.<\/p>\n<p><strong>Cancha:<\/strong> Estudiantes.<br \/>\nA las 15.30 Estudiantes vs. Trocha.<\/p>\n<p><strong>Cancha:<\/strong> El Front\u00f3n.<br \/>\nA las16 El Front\u00f3n vs. Pabell\u00f3n Argentino.<br \/>\n<a href=\"https:\/\/ligamercedina.com\/web\/wp-content\/uploads\/2024\/08\/Primera-division-A-3.jpg\"><img loading=\"lazy\" decoding=\"async\" class=\"aligncenter size-full wp-image-34574\" src=\"https:\/\/ligamercedina.com\/web\/wp-content\/uploads\/2024\/08\/Primera-division-A-3.jpg\" alt=\"\" width=\"640\" height=\"405\" srcset=\"https:\/\/ligamercedina.com\/web\/wp-content\/uploads\/2024\/08\/Primera-division-A-3.jpg 640w, https:\/\/ligamercedina.com\/web\/wp-content\/uploads\/2024\/08\/Primera-division-A-3-300x190.jpg 300w\" sizes=\"auto, (max-width: 640px) 100vw, 640px\" \/><\/a><a href=\"https:\/\/ligamercedina.com\/web\/wp-content\/uploads\/2024\/08\/Segunda-division-A-3.jpg\"><img loading=\"lazy\" decoding=\"async\" class=\"aligncenter size-full wp-image-34575\" src=\"https:\/\/ligamercedina.com\/web\/wp-content\/uploads\/2024\/08\/Segunda-division-A-3.jpg\" alt=\"\" width=\"638\" height=\"269\" srcset=\"https:\/\/ligamercedina.com\/web\/wp-content\/uploads\/2024\/08\/Segunda-division-A-3.jpg 638w, https:\/\/ligamercedina.com\/web\/wp-content\/uploads\/2024\/08\/Segunda-division-A-3-300x126.jpg 300w\" sizes=\"auto, (max-width: 638px) 100vw, 638px\" \/><\/a><\/p>\n<p><strong>Reserva<\/strong><br \/>\n<strong>S\u00e1bado 24 de agosto<br \/>\nCancha:<\/strong> El Tim\u00f3n.<br \/>\n14 El Tim\u00f3n vs. Talleres.<\/p>\n<p><strong>Cancha:<\/strong> Defensores.<br \/>\nA las 15.30 Holanda vs. La Tijera.<br \/>\nA las 17.30 Defensores vs. Villa Manchi.<\/p>\n<p><strong>Cancha:<\/strong> Carteros.<br \/>\nA las 16.30 Gowland vs. AMEFIP.<\/p>\n<p><strong>Cancha:<\/strong> Mercedes.<br \/>\nA las 18 Mercedes vs. Uni\u00f3n.<\/p>\n<p><strong>Cancha:<\/strong> Municipal de Suipacha.<br \/>\nA las 20.30 Juventud vs. Jorge Newbery.<\/p>\n<p><strong>Domingo 25 de agosto<br \/>\nCancha:<\/strong> Estudiantes.<br \/>\nA las 13.30 Estudiantes vs. Trocha.<\/p>\n<p><strong>Cancha: <\/strong>El Front\u00f3n.<br \/>\nA las 14 El Front\u00f3n vs. Pabell\u00f3n Argentino.<\/p>\n<p><strong>Cancha: <\/strong>V\u00e9lez.<br \/>\nA las 15 V\u00e9lez Sarsfield vs. Atl\u00e9tico Rodr\u00edguez.<\/p>\n<p><strong>Cancha:<\/strong> Quilmes.<br \/>\nA las 17 Quilmes vs. Palometas.<\/p>\n<p><strong>Cancha:<\/strong> Carteros.<br \/>\nA las 16 Carteros vs. All Haz.<br \/>\n<a href=\"https:\/\/ligamercedina.com\/web\/wp-content\/uploads\/2024\/08\/Primera-division-A-Reserva-3.jpg\"><img loading=\"lazy\" decoding=\"async\" class=\"aligncenter size-full wp-image-34576\" src=\"https:\/\/ligamercedina.com\/web\/wp-content\/uploads\/2024\/08\/Primera-division-A-Reserva-3.jpg\" alt=\"\" width=\"640\" height=\"399\" srcset=\"https:\/\/ligamercedina.com\/web\/wp-content\/uploads\/2024\/08\/Primera-division-A-Reserva-3.jpg 640w, https:\/\/ligamercedina.com\/web\/wp-content\/uploads\/2024\/08\/Primera-division-A-Reserva-3-300x187.jpg 300w\" sizes=\"auto, (max-width: 640px) 100vw, 640px\" \/><\/a><a href=\"https:\/\/ligamercedina.com\/web\/wp-content\/uploads\/2024\/08\/Segunda-division-A-Reserva-1.jpg\"><img loading=\"lazy\" decoding=\"async\" class=\"aligncenter size-full wp-image-34578\" src=\"https:\/\/ligamercedina.com\/web\/wp-content\/uploads\/2024\/08\/Segunda-division-A-Reserva-1.jpg\" alt=\"\" width=\"637\" height=\"265\" srcset=\"https:\/\/ligamercedina.com\/web\/wp-content\/uploads\/2024\/08\/Segunda-division-A-Reserva-1.jpg 637w, https:\/\/ligamercedina.com\/web\/wp-content\/uploads\/2024\/08\/Segunda-division-A-Reserva-1-300x125.jpg 300w\" sizes=\"auto, (max-width: 637px) 100vw, 637px\" \/><\/a><\/p>\n","protected":false},"excerpt":{"rendered":"<p>S\u00e1bado 24 de agosto Cancha: El Tim\u00f3n. A las 16 El Tim\u00f3n vs. Talleres. Cancha: Municipal de Suipacha. A las 18.30 Juventud vs. Jorge Newbery. Domingo 25 de agosto Cancha: Liga Mercedina. Segunda A las 11 Holanda vs. La Tijera. A las 13 All Haz vs. Carteros. A las 15 Mercedes vs. Uni\u00f3n. A las 17 Defensores vs. Villa Manchi.<\/p>\n","protected":false},"author":2,"featured_media":0,"comment_status":"open","ping_status":"open","sticky":false,"template":"","format":"standard","meta":{"footnotes":""},"categories":[4],"tags":[114,15,123,122],"class_list":["post-34572","post","type-post","status-publish","format-standard","hentry","category-informaciongeneral","tag-liga-mercedina-de-futbol","tag-primera-division","tag-reserva","tag-segunda-division-a"],"_links":{"self":[{"href":"https:\/\/ligamercedina.com\/web\/wp-json\/wp\/v2\/posts\/34572","targetHints":{"allow":["GET"]}}],"collection":[{"href":"https:\/\/ligamercedina.com\/web\/wp-json\/wp\/v2\/posts"}],"about":[{"href":"https:\/\/ligamercedina.com\/web\/wp-json\/wp\/v2\/types\/post"}],"author":[{"embeddable":true,"href":"https:\/\/ligamercedina.com\/web\/wp-json\/wp\/v2\/users\/2"}],"replies":[{"embeddable":true,"href":"https:\/\/ligamercedina.com\/web\/wp-json\/wp\/v2\/comments?post=34572"}],"version-history":[{"count":3,"href":"https:\/\/ligamercedina.com\/web\/wp-json\/wp\/v2\/posts\/34572\/revisions"}],"predecessor-version":[{"id":34579,"href":"https:\/\/ligamercedina.com\/web\/wp-json\/wp\/v2\/posts\/34572\/revisions\/34579"}],"wp:attachment":[{"href":"https:\/\/ligamercedina.com\/web\/wp-json\/wp\/v2\/media?parent=34572"}],"wp:term":[{"taxonomy":"category","embeddable":true,"href":"https:\/\/ligamercedina.com\/web\/wp-json\/wp\/v2\/categories?post=34572"},{"taxonomy":"post_tag","embeddable":true,"href":"https:\/\/ligamercedina.com\/web\/wp-json\/wp\/v2\/tags?post=34572"}],"curies":[{"name":"wp","href":"https:\/\/api.w.org\/{rel}","templated":true}]}}