{"id":342,"date":"2008-02-05T08:30:18","date_gmt":"2008-02-05T11:30:18","guid":{"rendered":"https:\/\/ligamercedina.com\/?p=342"},"modified":"2008-02-05T08:30:18","modified_gmt":"2008-02-05T11:30:18","slug":"futbol-infantil-el-8-de-marzo-arranca-el-preparacion","status":"publish","type":"post","link":"https:\/\/ligamercedina.com\/web\/futbol-infantil-el-8-de-marzo-arranca-el-preparacion\/","title":{"rendered":"FUTBOL INFANTIL: EL 8 DE MARZO ARRANCA EL PREPARACION"},"content":{"rendered":"<p><strong>En la noche de este lunes, los dirigentes de la Liga decidieron que el 8 de marzo se inicie el Torneo Preparaci\u00f3n para las categor\u00edas del Departamento de F\u00fatbol Infanto &#8211; Juvenil.<br \/>\nEn una reuni\u00f3n en la que se abordaron varios temas, ya se realiz\u00f3 el correspondiente sorteo. AMPLIAREMOS<\/strong><\/p>\n","protected":false},"excerpt":{"rendered":"<p>En la noche de este lunes, los dirigentes de la Liga decidieron que el 8 de marzo se inicie el Torneo Preparaci\u00f3n para las categor\u00edas del Departamento de F\u00fatbol Infanto &#8211; Juvenil. En una reuni\u00f3n en la que se abordaron varios temas, ya se realiz\u00f3 el correspondiente sorteo. AMPLIAREMOS<\/p>\n","protected":false},"author":1,"featured_media":0,"comment_status":"open","ping_status":"open","sticky":false,"template":"","format":"standard","meta":{"footnotes":""},"categories":[4],"tags":[],"class_list":["post-342","post","type-post","status-publish","format-standard","hentry","category-informaciongeneral"],"_links":{"self":[{"href":"https:\/\/ligamercedina.com\/web\/wp-json\/wp\/v2\/posts\/342","targetHints":{"allow":["GET"]}}],"collection":[{"href":"https:\/\/ligamercedina.com\/web\/wp-json\/wp\/v2\/posts"}],"about":[{"href":"https:\/\/ligamercedina.com\/web\/wp-json\/wp\/v2\/types\/post"}],"author":[{"embeddable":true,"href":"https:\/\/ligamercedina.com\/web\/wp-json\/wp\/v2\/users\/1"}],"replies":[{"embeddable":true,"href":"https:\/\/ligamercedina.com\/web\/wp-json\/wp\/v2\/comments?post=342"}],"version-history":[{"count":0,"href":"https:\/\/ligamercedina.com\/web\/wp-json\/wp\/v2\/posts\/342\/revisions"}],"wp:attachment":[{"href":"https:\/\/ligamercedina.com\/web\/wp-json\/wp\/v2\/media?parent=342"}],"wp:term":[{"taxonomy":"category","embeddable":true,"href":"https:\/\/ligamercedina.com\/web\/wp-json\/wp\/v2\/categories?post=342"},{"taxonomy":"post_tag","embeddable":true,"href":"https:\/\/ligamercedina.com\/web\/wp-json\/wp\/v2\/tags?post=342"}],"curies":[{"name":"wp","href":"https:\/\/api.w.org\/{rel}","templated":true}]}}