{"id":337,"date":"2008-01-22T11:54:09","date_gmt":"2008-01-22T14:54:09","guid":{"rendered":"https:\/\/ligamercedina.com\/?p=337"},"modified":"2008-01-22T11:54:09","modified_gmt":"2008-01-22T14:54:09","slug":"horarios-confirmados-para-la-segunda-fecha-del-torneo-del-interior","status":"publish","type":"post","link":"https:\/\/ligamercedina.com\/web\/horarios-confirmados-para-la-segunda-fecha-del-torneo-del-interior\/","title":{"rendered":"GANO MERCEDES; EMPAT\u00d3 ESTUDIANTES Y CAYO PALOMETAS"},"content":{"rendered":"<p><strong>DOMINGO:<\/strong> CANCHA GIMNASIA DE CHIVILCOY<\/p>\n<p><strong>FLORENCIO VARELA 2:<!--more--><\/strong> Mario De Felice, Marino Padilla, Santiago Guilino, Ezequiel Damelio, Rodrigo Britos, Alejandro Ant\u00fanez, Gustavo Serio, Lucas Hern\u00e1ndez, Javier Lima Silva, Juan Lafuente y Nicol\u00e1s Cestari. <strong>DT:<\/strong> Guillermo Su\u00e1rez.<br \/>\n<strong>Suplentes:<\/strong> Juan Colamarino y Francisco Felice.<\/p>\n<p><strong>ESTUDIANTES 2: <\/strong>Gonzalo lab\u00edn, Alejandro Sequeira, Mat\u00edas Mariella, Federico bassi, Lucas Basualdo, Maximiliano Lobos, Pablo Montuori, Guillermo Michelini, Claudio Biaggio, gast\u00f3n Godoy y R\u00faben Mansilla. <strong>DT: <\/strong>Guillermo Vola.<br \/>\nSuplentes: Tom\u00e1s Borrasca y Sebasti\u00e1n Filippini.<\/p>\n<p><strong>Goles en el PT:<\/strong> A los 15\u2019 Juan Lafuente (Florencio Varela), 28\u2019 Claudio Biaggio (Estudiantes) y a los 47\u2019 Javier Lima Silva (Florencio Varela).<br \/>\n<strong>Goles en el ST:<\/strong> A los 8\u2019 Pablo Montuori (Estudiantes).<br \/>\n<strong>Cambios en el ST: <\/strong>Julio C\u00e1ceres por Rodrigo Britos, Claudio Buzzo por Ezequiel Damelio y Luciano Barisone por Gustavo Serio en Florencio Varela. Alfonso Castro por R\u00faben Mansilla, Federico Ben\u00edtez por Guillermo Michelini y Federico mariella por Claudio Biaggio en Estudiantes.<br \/>\n<strong>Arbitro:<\/strong> Javier S\u00e1nchez (Liga de Luj\u00e1n).<\/p>\n<p>&#8212;&#8212;&#8212;&#8212;&#8212;&#8212;&#8212;&#8212;&#8212;&#8212;&#8212;&#8212;&#8212;&#8212;&#8212;&#8212;&#8212;&#8212;&#8212;&#8212;&#8212;&#8212;&#8212;&#8212;&#8212;&#8212;&#8212;<br \/>\nCANCHA LIGA MERCEDINA<br \/>\n<strong>PALOMETAS  &#8211; 0-: <\/strong>Jos\u00e9 Ventura, Germ\u00e1n Stopiello, Mat\u00edas Fern\u00e1ndez, Facundo Quiroga, Mart\u00edn Pastor, Diego Chappe, Rosendo Regueiro, Luis Giacoy, Diego Figueredo, Rodrigo Gauna y Ezequiel De Rosas. DT: Diego Silvestre<br \/>\n<strong>SUPLENTES:<\/strong> Federico Ramponi y Juan Ram\u00edrez<\/p>\n<p><strong>ATLETICO LUJAN  -1-: <\/strong>Ignacio Presedo, Pablo Recke, Cristian Al\u00ed, Eduardo Masotto<br \/>\nJorge Cordon, Mauro Brandoni, Diego Parisi, Santiago Galvan, Facundo Delgado<br \/>\nFabi\u00e1n Zermatten y Roberto Rojas. DT: Cesar Aguirre<br \/>\n<strong>SUPLENTES: <\/strong>Leandro Musin  y Cristian Monasterio<\/p>\n<p><strong>GOL: <\/strong>PT 37\u2019 Rojas<br \/>\n<strong>CAMBIOS: En Palometas:<\/strong> Mariano Anido, Sebasti\u00e1n Riccio y Nahuel Santana por Figueredo, Giacoy y Stopiello. <strong>En Atl\u00e9tico Luj\u00e1n:<\/strong> Eduardo Parodi, Tom\u00e1s Ares y Nelson Agoglia por Galvan Parisi y Delgado.<br \/>\n<strong>ARBITRO: <\/strong>Mauro Zampedrini. (Regular)<\/p>\n<p>&#8212;&#8212;&#8212;&#8212;&#8212;&#8212;&#8212;&#8212;&#8212;&#8212;&#8212;&#8212;&#8212;&#8212;&#8212;&#8212;&#8212;&#8212;&#8212;&#8212;&#8212;&#8212;&#8212;&#8212;&#8212;&#8212;&#8212;&#8212;-<br \/>\n<strong>SABADO:<\/strong> CANCHA LIGA MERCEDINA DE FUTBOL<\/p>\n<p><strong>CLUB MERCEDES -2-:<\/strong> Ramiro Herrera, Mart\u00edn Blanco, Hern\u00e1n Asurmendi<br \/>\nLeonardo Carabajal, Cristian Cabrera, Oscar D\u00edaz, Leonardo Bernasconi<br \/>\nFrancisco Larumbe, Mario Alday, Ra\u00fal Quintana y Angel Calder\u00f3n. DT: Jorge Morales<br \/>\n<strong>SUPLENTES: <\/strong> Dami\u00e1n Defelicce, Ariel Mu\u00f1oz y Facundo Ballesteros<\/p>\n<p><strong>CAMIONEROS (LUJAN)   -1-:<\/strong>  Cristian Vaello, Eduardo Maciel, Rodolfo Enrique<br \/>\nRub\u00e9n Guerra, Gerardo L\u00f3pez, Claudio De Felice, Fabi\u00e1n Bodeucer, Jos\u00e9 Castro, Jorge Torres, Arnaldo D\u00edaz y Maximiliano Su\u00e1rez. DT: Marcelo Alonso<br \/>\n<strong>SUPLENTES: <\/strong> Claudio Santill\u00e1n y Roberto Duarte<\/p>\n<p><strong>GOLES: <\/strong>ST 36\u2019 Cabrera (M). 45\u2019 G\u00f3mez (C) y 48\u2019 M. Larumbe (M).<br \/>\n<strong>CAMBIOS: En Mercedes:<\/strong> Gast\u00f3n Espinosa y Mart\u00edn Larumbe por Alday y F. Larumbe.<strong> En Camioneros:<\/strong> Jorge Nazar, Ram\u00f3n Comas y Claudio G\u00f3mez por Bodeucer, D\u00edaz y De Felice.<br \/>\n<strong>ARBITRO:<\/strong> N\u00e9stor Bopp (Liga de Saladillo) \u2013 MUY BIEN \u2013<br \/>\n<strong>ASISTENTES:<\/strong> Fernando Alvarez y Juan Paz (Liga de Saladillo).<\/p>\n","protected":false},"excerpt":{"rendered":"<p>DOMINGO: CANCHA GIMNASIA DE CHIVILCOY FLORENCIO VARELA 2:<\/p>\n","protected":false},"author":1,"featured_media":0,"comment_status":"open","ping_status":"open","sticky":false,"template":"","format":"standard","meta":{"footnotes":""},"categories":[4],"tags":[],"class_list":["post-337","post","type-post","status-publish","format-standard","hentry","category-informaciongeneral"],"_links":{"self":[{"href":"https:\/\/ligamercedina.com\/web\/wp-json\/wp\/v2\/posts\/337","targetHints":{"allow":["GET"]}}],"collection":[{"href":"https:\/\/ligamercedina.com\/web\/wp-json\/wp\/v2\/posts"}],"about":[{"href":"https:\/\/ligamercedina.com\/web\/wp-json\/wp\/v2\/types\/post"}],"author":[{"embeddable":true,"href":"https:\/\/ligamercedina.com\/web\/wp-json\/wp\/v2\/users\/1"}],"replies":[{"embeddable":true,"href":"https:\/\/ligamercedina.com\/web\/wp-json\/wp\/v2\/comments?post=337"}],"version-history":[{"count":0,"href":"https:\/\/ligamercedina.com\/web\/wp-json\/wp\/v2\/posts\/337\/revisions"}],"wp:attachment":[{"href":"https:\/\/ligamercedina.com\/web\/wp-json\/wp\/v2\/media?parent=337"}],"wp:term":[{"taxonomy":"category","embeddable":true,"href":"https:\/\/ligamercedina.com\/web\/wp-json\/wp\/v2\/categories?post=337"},{"taxonomy":"post_tag","embeddable":true,"href":"https:\/\/ligamercedina.com\/web\/wp-json\/wp\/v2\/tags?post=337"}],"curies":[{"name":"wp","href":"https:\/\/api.w.org\/{rel}","templated":true}]}}