{"id":33560,"date":"2024-06-02T23:13:25","date_gmt":"2024-06-03T02:13:25","guid":{"rendered":"https:\/\/ligamercedina.com\/web\/?p=33560"},"modified":"2024-06-02T23:43:29","modified_gmt":"2024-06-03T02:43:29","slug":"futbol-femenino-primera-10-fecha","status":"publish","type":"post","link":"https:\/\/ligamercedina.com\/web\/futbol-femenino-primera-10-fecha\/","title":{"rendered":"F\u00fatbol Femenino &#8211; Primera 10\u00b0 fecha"},"content":{"rendered":"<p><strong>El Front\u00f3n 2:<\/strong> Y\u00e9sica Azurmendi y Agustina Cejas.<br \/>\n<strong>Club Mercedes 1:<\/strong> Andrea Valdez.<\/p>\n<p><strong>Villa Manchi 1:<\/strong> Malena Gait\u00e1n.<br \/>\n<strong>AMEFIP 2:<\/strong> Sof\u00eda Crivella y Luc\u00eda Serrano.<\/p>\n<p><strong>Uni\u00f3n 0.<br \/>\nLa Tijera 1:<\/strong> Carolina Zeller,<\/p>\n<p><strong>Defensores 2:<\/strong> Paula Ag\u00fcero y Piscila Garc\u00eda.<br \/>\n<strong>Trocha 1:<\/strong> Brenda Richini.<\/p>\n<p><strong>El Tim\u00f3n 3.<br \/>\nPalometas 0.<\/strong><\/p>\n<p><strong>Pabell\u00f3n 2.<\/strong><br \/>\n<strong>Atl\u00e9tico Rodr\u00edguez 3.<\/strong><br \/>\n<a href=\"https:\/\/ligamercedina.com\/web\/wp-content\/uploads\/2024\/06\/Primera-femenino.jpg\"><img loading=\"lazy\" decoding=\"async\" class=\"aligncenter size-full wp-image-33567\" src=\"https:\/\/ligamercedina.com\/web\/wp-content\/uploads\/2024\/06\/Primera-femenino.jpg\" alt=\"\" width=\"977\" height=\"582\" srcset=\"https:\/\/ligamercedina.com\/web\/wp-content\/uploads\/2024\/06\/Primera-femenino.jpg 977w, https:\/\/ligamercedina.com\/web\/wp-content\/uploads\/2024\/06\/Primera-femenino-300x179.jpg 300w, https:\/\/ligamercedina.com\/web\/wp-content\/uploads\/2024\/06\/Primera-femenino-768x457.jpg 768w\" sizes=\"auto, (max-width: 977px) 100vw, 977px\" \/><\/a><br \/>\n<strong>Pr\u00f3xima fecha<\/strong><br \/>\nAMEFIP vs. Uni\u00f3n.<br \/>\nLa Tijera vs. Pabell\u00f3n.<br \/>\nAtl\u00e9tico Rodr\u00edguez vs. El Front\u00f3n.<br \/>\nClub Mercedes vs. Defensores Juniors.<br \/>\nTrocha vs. El Tim\u00f3n.<br \/>\nPalometas vs. Flandria.<br \/>\n<strong>Libre:<\/strong> Villa Manchi.<\/p>\n","protected":false},"excerpt":{"rendered":"<p>El Front\u00f3n 2: Y\u00e9sica Azurmendi y Agustina Cejas. Club Mercedes 1: Andrea Valdez. Villa Manchi 1: Malena Gait\u00e1n. AMEFIP 2: Sof\u00eda Crivella y Luc\u00eda Serrano. Uni\u00f3n 0. La Tijera 1: Carolina Zeller, Defensores 2: Paula Ag\u00fcero y Piscila Garc\u00eda. Trocha 1: Brenda Richini. El Tim\u00f3n 3. Palometas 0. Pabell\u00f3n 2. Atl\u00e9tico Rodr\u00edguez 3. Pr\u00f3xima fecha AMEFIP vs. Uni\u00f3n. La Tijera<\/p>\n","protected":false},"author":2,"featured_media":0,"comment_status":"open","ping_status":"open","sticky":false,"template":"","format":"standard","meta":{"footnotes":""},"categories":[4],"tags":[124,114,15],"class_list":["post-33560","post","type-post","status-publish","format-standard","hentry","category-informaciongeneral","tag-futbol-femenino","tag-liga-mercedina-de-futbol","tag-primera-division"],"_links":{"self":[{"href":"https:\/\/ligamercedina.com\/web\/wp-json\/wp\/v2\/posts\/33560","targetHints":{"allow":["GET"]}}],"collection":[{"href":"https:\/\/ligamercedina.com\/web\/wp-json\/wp\/v2\/posts"}],"about":[{"href":"https:\/\/ligamercedina.com\/web\/wp-json\/wp\/v2\/types\/post"}],"author":[{"embeddable":true,"href":"https:\/\/ligamercedina.com\/web\/wp-json\/wp\/v2\/users\/2"}],"replies":[{"embeddable":true,"href":"https:\/\/ligamercedina.com\/web\/wp-json\/wp\/v2\/comments?post=33560"}],"version-history":[{"count":2,"href":"https:\/\/ligamercedina.com\/web\/wp-json\/wp\/v2\/posts\/33560\/revisions"}],"predecessor-version":[{"id":33568,"href":"https:\/\/ligamercedina.com\/web\/wp-json\/wp\/v2\/posts\/33560\/revisions\/33568"}],"wp:attachment":[{"href":"https:\/\/ligamercedina.com\/web\/wp-json\/wp\/v2\/media?parent=33560"}],"wp:term":[{"taxonomy":"category","embeddable":true,"href":"https:\/\/ligamercedina.com\/web\/wp-json\/wp\/v2\/categories?post=33560"},{"taxonomy":"post_tag","embeddable":true,"href":"https:\/\/ligamercedina.com\/web\/wp-json\/wp\/v2\/tags?post=33560"}],"curies":[{"name":"wp","href":"https:\/\/api.w.org\/{rel}","templated":true}]}}