{"id":33273,"date":"2024-05-16T16:48:20","date_gmt":"2024-05-16T19:48:20","guid":{"rendered":"https:\/\/ligamercedina.com\/web\/?p=33273"},"modified":"2024-05-16T16:50:48","modified_gmt":"2024-05-16T19:50:48","slug":"resultado-futbol-senior-40-anos-sexta-fecha","status":"publish","type":"post","link":"https:\/\/ligamercedina.com\/web\/resultado-futbol-senior-40-anos-sexta-fecha\/","title":{"rendered":"Resultado F\u00fatbol Senior + 40 a\u00f1os"},"content":{"rendered":"<div id=\"attachment_33274\" style=\"width: 870px\" class=\"wp-caption aligncenter\"><a href=\"https:\/\/ligamercedina.com\/web\/wp-content\/uploads\/2024\/05\/6a742a3b-bfd8-42d2-a94f-d1f9c66ebcaf.jpg\"><img loading=\"lazy\" decoding=\"async\" aria-describedby=\"caption-attachment-33274\" class=\"wp-image-33274 size-large\" src=\"https:\/\/ligamercedina.com\/web\/wp-content\/uploads\/2024\/05\/6a742a3b-bfd8-42d2-a94f-d1f9c66ebcaf-1024x611.jpg\" alt=\"\" width=\"860\" height=\"513\" srcset=\"https:\/\/ligamercedina.com\/web\/wp-content\/uploads\/2024\/05\/6a742a3b-bfd8-42d2-a94f-d1f9c66ebcaf-1024x611.jpg 1024w, https:\/\/ligamercedina.com\/web\/wp-content\/uploads\/2024\/05\/6a742a3b-bfd8-42d2-a94f-d1f9c66ebcaf-300x179.jpg 300w, https:\/\/ligamercedina.com\/web\/wp-content\/uploads\/2024\/05\/6a742a3b-bfd8-42d2-a94f-d1f9c66ebcaf-768x458.jpg 768w, https:\/\/ligamercedina.com\/web\/wp-content\/uploads\/2024\/05\/6a742a3b-bfd8-42d2-a94f-d1f9c66ebcaf.jpg 1269w\" sizes=\"auto, (max-width: 860px) 100vw, 860px\" \/><\/a><p id=\"caption-attachment-33274\" class=\"wp-caption-text\">Trocha.<\/p><\/div>\n<p><strong>El Porvenir 1:<\/strong> Claudio G\u00f3mez.<br \/>\n<strong>San Bernardo 5:<\/strong> Luis Mu\u00f1oz 3, Leandro Pascuali y Juan Leuzzi.<\/p>\n<p><strong>Carteros 0<\/strong>.<br \/>\n<strong>Defensores 0<\/strong>.<\/p>\n<p><strong>Talleres 0<\/strong>.<br \/>\n<strong>Uni\u00f3n 3:<\/strong> Maximiliano Torres, Luis Ferrero y Leandro Ram\u00edrez.<\/p>\n<p><strong>Gowland 2:<\/strong> N\u00e9stor Novelli y Mauricio Parra.<br \/>\n<strong>El Front\u00f3n 0<\/strong>.<\/p>\n<p><strong>Club Mercedes 2:<\/strong> Juan Musso y Mario Alday.<br \/>\n<strong>Belgrano 0<\/strong>.<\/p>\n<p><strong>Trocha 2:<\/strong> Claudio Rivero y Ezequiel Van\u00edn.<br \/>\n<strong>Palometas 3:<\/strong> Rodrigo Gauna, Pablo Albornoz y Manuel Risso.<\/p>\n<p><strong>Libre:<\/strong> Costa Brava.<br \/>\n<a href=\"https:\/\/ligamercedina.com\/web\/wp-content\/uploads\/2024\/05\/Senior-2024-1.jpg\"><img loading=\"lazy\" decoding=\"async\" class=\"aligncenter size-full wp-image-33275\" src=\"https:\/\/ligamercedina.com\/web\/wp-content\/uploads\/2024\/05\/Senior-2024-1.jpg\" alt=\"\" width=\"640\" height=\"194\" srcset=\"https:\/\/ligamercedina.com\/web\/wp-content\/uploads\/2024\/05\/Senior-2024-1.jpg 640w, https:\/\/ligamercedina.com\/web\/wp-content\/uploads\/2024\/05\/Senior-2024-1-300x91.jpg 300w\" sizes=\"auto, (max-width: 640px) 100vw, 640px\" \/><\/a><a href=\"https:\/\/ligamercedina.com\/web\/wp-content\/uploads\/2024\/05\/Senior-2024-copia.jpg\"><img loading=\"lazy\" decoding=\"async\" class=\"aligncenter size-full wp-image-33276\" src=\"https:\/\/ligamercedina.com\/web\/wp-content\/uploads\/2024\/05\/Senior-2024-copia.jpg\" alt=\"\" width=\"640\" height=\"174\" srcset=\"https:\/\/ligamercedina.com\/web\/wp-content\/uploads\/2024\/05\/Senior-2024-copia.jpg 640w, https:\/\/ligamercedina.com\/web\/wp-content\/uploads\/2024\/05\/Senior-2024-copia-300x82.jpg 300w\" sizes=\"auto, (max-width: 640px) 100vw, 640px\" \/><\/a><a href=\"https:\/\/ligamercedina.com\/web\/wp-content\/uploads\/2024\/05\/Senior-2024-copia-2.jpg\"><img loading=\"lazy\" decoding=\"async\" class=\"aligncenter size-full wp-image-33277\" src=\"https:\/\/ligamercedina.com\/web\/wp-content\/uploads\/2024\/05\/Senior-2024-copia-2.jpg\" alt=\"\" width=\"640\" height=\"170\" srcset=\"https:\/\/ligamercedina.com\/web\/wp-content\/uploads\/2024\/05\/Senior-2024-copia-2.jpg 640w, https:\/\/ligamercedina.com\/web\/wp-content\/uploads\/2024\/05\/Senior-2024-copia-2-300x80.jpg 300w\" sizes=\"auto, (max-width: 640px) 100vw, 640px\" \/><\/a><strong>Pr\u00f3xima fecha<\/strong><br \/>\nPalometas vs. Carteros.<br \/>\nCosta Brava vs. Trocha.<br \/>\nUni\u00f3n vs. Gowland.<br \/>\nEl Front\u00f3n vs. Talleres.<br \/>\nMercedes vs. El Porvenir.<br \/>\nSan Bernardo vs. Sportivo Belgrano.<br \/>\n<strong>Libre:<\/strong> Defensores.<\/p>\n","protected":false},"excerpt":{"rendered":"<p>El Porvenir 1: Claudio G\u00f3mez. San Bernardo 5: Luis Mu\u00f1oz 3, Leandro Pascuali y Juan Leuzzi. Carteros 0. Defensores 0. Talleres 0. Uni\u00f3n 3: Maximiliano Torres, Luis Ferrero y Leandro Ram\u00edrez. Gowland 2: N\u00e9stor Novelli y Mauricio Parra. El Front\u00f3n 0. Club Mercedes 2: Juan Musso y Mario Alday. Belgrano 0. Trocha 2: Claudio Rivero y Ezequiel Van\u00edn. Palometas 3:<\/p>\n","protected":false},"author":2,"featured_media":0,"comment_status":"open","ping_status":"open","sticky":false,"template":"","format":"standard","meta":{"footnotes":""},"categories":[4],"tags":[114,117],"class_list":["post-33273","post","type-post","status-publish","format-standard","hentry","category-informaciongeneral","tag-liga-mercedina-de-futbol","tag-senior-40"],"_links":{"self":[{"href":"https:\/\/ligamercedina.com\/web\/wp-json\/wp\/v2\/posts\/33273","targetHints":{"allow":["GET"]}}],"collection":[{"href":"https:\/\/ligamercedina.com\/web\/wp-json\/wp\/v2\/posts"}],"about":[{"href":"https:\/\/ligamercedina.com\/web\/wp-json\/wp\/v2\/types\/post"}],"author":[{"embeddable":true,"href":"https:\/\/ligamercedina.com\/web\/wp-json\/wp\/v2\/users\/2"}],"replies":[{"embeddable":true,"href":"https:\/\/ligamercedina.com\/web\/wp-json\/wp\/v2\/comments?post=33273"}],"version-history":[{"count":2,"href":"https:\/\/ligamercedina.com\/web\/wp-json\/wp\/v2\/posts\/33273\/revisions"}],"predecessor-version":[{"id":33279,"href":"https:\/\/ligamercedina.com\/web\/wp-json\/wp\/v2\/posts\/33273\/revisions\/33279"}],"wp:attachment":[{"href":"https:\/\/ligamercedina.com\/web\/wp-json\/wp\/v2\/media?parent=33273"}],"wp:term":[{"taxonomy":"category","embeddable":true,"href":"https:\/\/ligamercedina.com\/web\/wp-json\/wp\/v2\/categories?post=33273"},{"taxonomy":"post_tag","embeddable":true,"href":"https:\/\/ligamercedina.com\/web\/wp-json\/wp\/v2\/tags?post=33273"}],"curies":[{"name":"wp","href":"https:\/\/api.w.org\/{rel}","templated":true}]}}