{"id":33202,"date":"2024-05-12T00:41:15","date_gmt":"2024-05-12T03:41:15","guid":{"rendered":"https:\/\/ligamercedina.com\/web\/?p=33202"},"modified":"2024-05-13T11:32:46","modified_gmt":"2024-05-13T14:32:46","slug":"futbol-femenino-septima-fecha","status":"publish","type":"post","link":"https:\/\/ligamercedina.com\/web\/futbol-femenino-septima-fecha\/","title":{"rendered":"F\u00fatbol Femenino &#8211; s\u00e9ptima fecha"},"content":{"rendered":"<p><strong>Palometas 0<\/strong>.<br \/>\n<strong>Pabell\u00f3n 2:\u00a0<\/strong> Valentina Pereyra 2.<\/p>\n<p><strong>Trocha 1:<\/strong> Brenda Richini.<br \/>\n<strong>Uni\u00f3n 2:<\/strong> Guadalupe RojaS 2.<\/p>\n<p><strong>Club Mercedes 1:<\/strong> Katia Roda.<br \/>\n<strong>Villa Manchi 0<\/strong>.<\/p>\n<p><strong>Flandria 2:<\/strong> Roc\u00edo L\u00f3pez Yelpo y Mar\u00eda Viotto.<br \/>\n<strong>El Front\u00f3n 2:<\/strong> Zahira Leonelli y Valentian Zwetzig.<br \/>\n<a href=\"https:\/\/ligamercedina.com\/web\/wp-content\/uploads\/2024\/05\/Primera-femenino.jpg\"><img loading=\"lazy\" decoding=\"async\" class=\"aligncenter size-full wp-image-33232\" src=\"https:\/\/ligamercedina.com\/web\/wp-content\/uploads\/2024\/05\/Primera-femenino.jpg\" alt=\"\" width=\"639\" height=\"375\" srcset=\"https:\/\/ligamercedina.com\/web\/wp-content\/uploads\/2024\/05\/Primera-femenino.jpg 639w, https:\/\/ligamercedina.com\/web\/wp-content\/uploads\/2024\/05\/Primera-femenino-300x176.jpg 300w\" sizes=\"auto, (max-width: 639px) 100vw, 639px\" \/><\/a><\/p>\n","protected":false},"excerpt":{"rendered":"<p>Palometas 0. Pabell\u00f3n 2:\u00a0 Valentina Pereyra 2. Trocha 1: Brenda Richini. Uni\u00f3n 2: Guadalupe RojaS 2. Club Mercedes 1: Katia Roda. Villa Manchi 0. Flandria 2: Roc\u00edo L\u00f3pez Yelpo y Mar\u00eda Viotto. El Front\u00f3n 2: Zahira Leonelli y Valentian Zwetzig.<\/p>\n","protected":false},"author":2,"featured_media":0,"comment_status":"open","ping_status":"open","sticky":false,"template":"","format":"standard","meta":{"footnotes":""},"categories":[4],"tags":[124,114,15],"class_list":["post-33202","post","type-post","status-publish","format-standard","hentry","category-informaciongeneral","tag-futbol-femenino","tag-liga-mercedina-de-futbol","tag-primera-division"],"_links":{"self":[{"href":"https:\/\/ligamercedina.com\/web\/wp-json\/wp\/v2\/posts\/33202","targetHints":{"allow":["GET"]}}],"collection":[{"href":"https:\/\/ligamercedina.com\/web\/wp-json\/wp\/v2\/posts"}],"about":[{"href":"https:\/\/ligamercedina.com\/web\/wp-json\/wp\/v2\/types\/post"}],"author":[{"embeddable":true,"href":"https:\/\/ligamercedina.com\/web\/wp-json\/wp\/v2\/users\/2"}],"replies":[{"embeddable":true,"href":"https:\/\/ligamercedina.com\/web\/wp-json\/wp\/v2\/comments?post=33202"}],"version-history":[{"count":2,"href":"https:\/\/ligamercedina.com\/web\/wp-json\/wp\/v2\/posts\/33202\/revisions"}],"predecessor-version":[{"id":33233,"href":"https:\/\/ligamercedina.com\/web\/wp-json\/wp\/v2\/posts\/33202\/revisions\/33233"}],"wp:attachment":[{"href":"https:\/\/ligamercedina.com\/web\/wp-json\/wp\/v2\/media?parent=33202"}],"wp:term":[{"taxonomy":"category","embeddable":true,"href":"https:\/\/ligamercedina.com\/web\/wp-json\/wp\/v2\/categories?post=33202"},{"taxonomy":"post_tag","embeddable":true,"href":"https:\/\/ligamercedina.com\/web\/wp-json\/wp\/v2\/tags?post=33202"}],"curies":[{"name":"wp","href":"https:\/\/api.w.org\/{rel}","templated":true}]}}