{"id":32942,"date":"2024-05-05T14:59:30","date_gmt":"2024-05-05T17:59:30","guid":{"rendered":"https:\/\/ligamercedina.com\/web\/?p=32942"},"modified":"2024-05-08T14:49:47","modified_gmt":"2024-05-08T17:49:47","slug":"32942-2","status":"publish","type":"post","link":"https:\/\/ligamercedina.com\/web\/32942-2\/","title":{"rendered":"ADELANTO DE HORARIOS PARA PROXIMO FIN DE SEMANA"},"content":{"rendered":"<h3 style=\"text-align: center;\"><span style=\"color: #ff0000;\"><strong>PRIMERA DIVISION<\/strong><\/span><\/h3>\n<p><em><strong>S\u00e1bado 11 de mayo, cancha Atl\u00e9tico Rodr\u00edguez<\/strong><\/em><br \/>\n13:00 hs. Atl\u00e9tico Rodr\u00edguez Vs. El Front\u00f3n<\/p>\n<p><em><strong>S\u00e1bado 11 de mayo, cancha El Tim\u00f3n<\/strong><\/em><br \/>\n16:00 hs. El Tim\u00f3n Vs. Palometas<\/p>\n<p><em><strong>Domingo 12 de mayo, cancha Liga Mercedina<\/strong><\/em><br \/>\n11:00 hs. Uni\u00f3n Vs. Trocha<br \/>\n13:00 hs. Villa Manchi Vs. Deportivo Gowland<br \/>\n15:00 hs. Mercedes Vs. Carteros<br \/>\n17:00 hs. Defensores Vs. Estudiantes<\/p>\n<p><em><strong>Domingo 12 de mayo, cancha Quilmes<\/strong><\/em><br \/>\n11:00 hs. Talleres Vs. AMEFIP<br \/>\n13:00 hs. All Haz Vs. Juventud<br \/>\n15:00 hs. Quilmes Vs. V\u00e9lez<\/p>\n<p><em><strong>Domingo 12 de mayo, cancha Ateneo<\/strong><\/em><br \/>\n16:00 hs. Ateneo Vs. Pabell\u00f3n Argentino<\/p>\n<p><em><strong>Domingo 12 de mayo, cancha La Tijera<\/strong><\/em><br \/>\n16:00 hs. La Tijera Vs. Holanda<\/p>\n<h3 style=\"text-align: center;\"><span style=\"color: #ff0000;\"><strong>RESERVA<\/strong><\/span><\/h3>\n<p><em><strong>S\u00e1bado 11 de mayo, cancha Atl\u00e9tico Rodr\u00edguez<\/strong><\/em><br \/>\n15:00 hs. Atl\u00e9tico Rodr\u00edguez Vs. El Front\u00f3n<\/p>\n<p><em><strong>S\u00e1bado 11 de mayo, cancha El Tim\u00f3n<\/strong><\/em><br \/>\n14:00 hs. El Tim\u00f3n Vs. Palometas<\/p>\n<p><em><strong>S\u00e1bado 11 de mayo, cancha Liga Mercedina<\/strong><\/em><br \/>\n16:00 hs. Mercedes Vs. Carteros<\/p>\n<p><em><strong>S\u00e1bado 11 de mayo, cancha Carteros<\/strong><\/em><br \/>\n13:30 hs. Talleres Vs. AMEFIP<br \/>\n15:30 hs. Villa Manchi Vs. Deportivo Gowland<\/p>\n<p><em><strong>S\u00e1bado 11 de mayo, cancha Uni\u00f3n<\/strong><\/em><br \/>\n17:45 hs. Uni\u00f3n Vs. Trocha<\/p>\n<p><em><strong>S\u00e1bado 11 de mayo, cancha Defensores<\/strong><\/em><br \/>\n17:45 hs. Defensores Vs. Estudiantes<\/p>\n<p><em><strong>Domingo 12 de mayo, cancha Ateneo<\/strong><\/em><br \/>\n14:00 hs. Ateneo Vs. Pabell\u00f3n Argentino<\/p>\n<p><em><strong>Domingo 12 de mayo, cancha La Tijera<\/strong><\/em><br \/>\n14:00 hs. La Tijera Vs. Holanda<\/p>\n<p><em><strong>Domingo 12 de mayo, cancha Ateneo<\/strong><\/em><br \/>\n14:00 hs. Ateneo Vs. Pabell\u00f3n Argentino<\/p>\n<p><em><strong>Domingo 12 de mayo, cancha Carteros<\/strong><\/em><br \/>\n15:45 hs. All Haz Vs. Juventud<\/p>\n<p><b>Domingo 12 de mayo, cancha Quilmes<\/b><br \/>\n17:00 hs. Quilmes Vs. V\u00e9lez<\/p>\n<h3 style=\"text-align: center;\"><span style=\"color: #ff0000;\"><strong>INFANTO \u2013 JUVENIL<\/strong><\/span><\/h3>\n<p><strong>Juventud \u2013 Carteros<\/strong><br \/>\n13:00 hs. Categor\u00eda 2016<br \/>\n14:00 hs. Categor\u00eda 2015<br \/>\n15:00 hs. Categor\u00eda 2014<br \/>\n16:00 hs. Categor\u00eda 2013<\/p>\n<p>11:00 hs. Categor\u00eda 2012<br \/>\n12:15 hs. Categor\u00eda 2011<br \/>\n13:30 hs. Categor\u00eda 2010<br \/>\n14:45 hs. Categor\u00eda 2009<br \/>\n16:00 hs. Categor\u00eda 5\u00aa<\/p>\n<p><strong>Palometas \u2013 El Front\u00f3n<\/strong><br \/>\n14:00 hs. Categor\u00eda 2016<br \/>\n15:00 hs. Categor\u00eda 2015<br \/>\n16:00 hs. Categor\u00eda 2014<br \/>\n17:00 hs. Categor\u00eda 2013<\/p>\n<p>11:00 hs. Categor\u00eda 2012<br \/>\n12:15 hs. Categor\u00eda 2011<br \/>\n13:30 hs. Categor\u00eda 2010<br \/>\n14:45 hs. Categor\u00eda 2009<br \/>\n16:00 hs. Categor\u00eda 5\u00aa<\/p>\n<p><strong>Gowland \u2013 Pabell\u00f3n Argentino<\/strong> (Cancha V\u00e9lez)<br \/>\n11:00 hs. Categor\u00eda 2010<br \/>\n12:15 hs. Categor\u00eda 5a<\/p>\n<p><strong>El Tim\u00f3n \u2013 Quilmes<\/strong><br \/>\n10:00 hs. Categor\u00eda 2011<br \/>\n11:15 hs. Categor\u00eda 2010<br \/>\n12:30 hs. Categor\u00eda 5a<\/p>\n<p><strong>Estudiantes \u2013 V\u00e9lez<\/strong><br \/>\n13:00 hs. Categor\u00eda 2016<br \/>\n14:00 hs. Categor\u00eda 2015<br \/>\n15:00 hs. Categor\u00eda 2013<\/p>\n<p>11:00 hs. Categor\u00eda 2012<br \/>\n12:15 hs. Categor\u00eda 2011<br \/>\n13:30 hs. Categor\u00eda 2010<br \/>\n14:45 hs. Categor\u00eda 2009<br \/>\n16:00 hs. Categor\u00eda 5\u00aa<\/p>\n<p><strong>Defensores \u2013 Ateneo<\/strong><br \/>\n13:00 hs. Categor\u00eda 2016<br \/>\n14:00 hs. Categor\u00eda 2015<br \/>\n15:00 hs. Categor\u00eda 2014<br \/>\n16:00 hs. Categor\u00eda 2013<\/p>\n<p>11:00 hs. Categor\u00eda 2012<br \/>\n12:15 hs. Categor\u00eda 2011<br \/>\n13:30 hs. Categor\u00eda 2010<br \/>\n14:45 hs. Categor\u00eda 2009<br \/>\n16:00 hs. Categor\u00eda 5\u00aa<\/p>\n<p><strong>Holanda \u2013 Trocha<\/strong><br \/>\n13:00 hs. Categor\u00eda 2015<br \/>\n14:00 hs. Categor\u00eda 2013<\/p>\n<p>11:00 hs. Categor\u00eda 2012<br \/>\n12:15 hs. Categor\u00eda 2010<br \/>\n13:30 hs. Categor\u00eda 5\u00aa<\/p>\n<p><strong>Uni\u00f3n \u2013 Mercedes<\/strong><br \/>\n13:00 hs. Categor\u00eda 2016<br \/>\n14:00 hs. Categor\u00eda 2015<br \/>\n15:00 hs. Categor\u00eda 2014<br \/>\n16:00 hs. Categor\u00eda 2013<\/p>\n<p>11:00 hs. Categor\u00eda 2012<br \/>\n12:15 hs. Categor\u00eda 2011<br \/>\n13:30 hs. Categor\u00eda 2010<br \/>\n14:45 hs. Categor\u00eda 2009<br \/>\n16:00 hs. Categor\u00eda 5\u00aa<\/p>\n<p><strong>Villa Manchi \u2013 La Tijera<\/strong><br \/>\n12:00 hs. Categor\u00eda 2012<br \/>\n13:15 hs. Categor\u00eda 2010<br \/>\n14:30 hs. Categor\u00eda 5\u00aa<\/p>\n<h3 style=\"text-align: center;\"><span style=\"color: #ff0000;\"><strong>FEMENINO PRIMERA DIVISION<\/strong><\/span><\/h3>\n<p><em><strong>S\u00e1bado 11 de mayo, cancha Liga Mercedina<\/strong><\/em><br \/>\n14:00 hs. Mercedes Vs. Villa Manchi<\/p>\n<p><em><strong>S\u00e1bado 11 de mayo, cancha Palometas<\/strong><\/em><br \/>\n17:45 hs. Palometas Vs. Pabell\u00f3n Argentino<\/p>\n<p><em><strong>Domingo 12 de mayo, cancha El Tim\u00f3n<\/strong><\/em><br \/>\n15:30 hs. El Tim\u00f3n Vs. Defensores<\/p>\n<p><em><strong>S\u00e1bado 11 de mayo, cancha Flandria<\/strong><\/em><br \/>\n17:00 hs. Flandria Vs. El Front\u00f3n<\/p>\n<p><em><strong>S\u00e1bado 11 de mayo, cancha Trocha<\/strong><\/em><br \/>\n17:00 hs. Trocha Vs. Uni\u00f3n<\/p>\n<p><strong>Domingo 12 de mayo, cancha Atl\u00e9tico Rodr\u00edguez<\/strong><br \/>\n18:00 hs. Atl\u00e9tico Rodr\u00edguez Vs. AMEFIP<\/p>\n<h3 style=\"text-align: center;\"><span style=\"color: #ff0000;\"><strong>FEMENINO INFERIORES<\/strong><\/span><\/h3>\n<p><strong>Cancha Palometas<\/strong><br \/>\n11:00 hs. \u2013SUB 12- Palometas Vs. Carteros<br \/>\n12:00 hs. \u2013 SUB 14- Palometas Bord\u00f3 Vs. Trocha<br \/>\n13:00 hs. -SUB 14- Mercedes Vs. Carteros<\/p>\n<p><strong>Cancha Estudiantes<\/strong><br \/>\n12:00 hs. \u2013SUB 14 \u2013 Estudiantes Vs. Palometas Blanco<br \/>\n17:00 hs. \u2013SUB 16 \u2013 Estudiantes Vs. Mercedes<\/p>\n<p><strong>Cancha Defensores<\/strong><br \/>\n11:00 hs. \u2013SUB 12- Defensores Vs. Mercedes<br \/>\n12:00 hs. \u2013SUB 14- Defensores Vs. Talleres<br \/>\n17:00 hs. \u2013SUB 16- Talleres Vs. Carteros<\/p>\n<p><strong>Cancha Holanda<\/strong><br \/>\n11:00 hs. \u2013SUB 12- Trocha Azul Vs. Talleres<br \/>\n12:00 hs. \u2013SUB 14- Holanda Vs. Dep. Gowland<\/p>\n","protected":false},"excerpt":{"rendered":"<p>PRIMERA DIVISION S\u00e1bado 11 de mayo, cancha Atl\u00e9tico Rodr\u00edguez 13:00 hs. Atl\u00e9tico Rodr\u00edguez Vs. El Front\u00f3n S\u00e1bado 11 de mayo, cancha El Tim\u00f3n 16:00 hs. El Tim\u00f3n Vs. Palometas Domingo 12 de mayo, cancha Liga Mercedina 11:00 hs. Uni\u00f3n Vs. Trocha 13:00 hs. Villa Manchi Vs. Deportivo Gowland 15:00 hs. Mercedes Vs. Carteros 17:00 hs. Defensores Vs. Estudiantes Domingo 12<\/p>\n","protected":false},"author":2,"featured_media":0,"comment_status":"open","ping_status":"open","sticky":false,"template":"","format":"standard","meta":{"footnotes":""},"categories":[4],"tags":[],"class_list":["post-32942","post","type-post","status-publish","format-standard","hentry","category-informaciongeneral"],"_links":{"self":[{"href":"https:\/\/ligamercedina.com\/web\/wp-json\/wp\/v2\/posts\/32942","targetHints":{"allow":["GET"]}}],"collection":[{"href":"https:\/\/ligamercedina.com\/web\/wp-json\/wp\/v2\/posts"}],"about":[{"href":"https:\/\/ligamercedina.com\/web\/wp-json\/wp\/v2\/types\/post"}],"author":[{"embeddable":true,"href":"https:\/\/ligamercedina.com\/web\/wp-json\/wp\/v2\/users\/2"}],"replies":[{"embeddable":true,"href":"https:\/\/ligamercedina.com\/web\/wp-json\/wp\/v2\/comments?post=32942"}],"version-history":[{"count":25,"href":"https:\/\/ligamercedina.com\/web\/wp-json\/wp\/v2\/posts\/32942\/revisions"}],"predecessor-version":[{"id":33017,"href":"https:\/\/ligamercedina.com\/web\/wp-json\/wp\/v2\/posts\/32942\/revisions\/33017"}],"wp:attachment":[{"href":"https:\/\/ligamercedina.com\/web\/wp-json\/wp\/v2\/media?parent=32942"}],"wp:term":[{"taxonomy":"category","embeddable":true,"href":"https:\/\/ligamercedina.com\/web\/wp-json\/wp\/v2\/categories?post=32942"},{"taxonomy":"post_tag","embeddable":true,"href":"https:\/\/ligamercedina.com\/web\/wp-json\/wp\/v2\/tags?post=32942"}],"curies":[{"name":"wp","href":"https:\/\/api.w.org\/{rel}","templated":true}]}}