{"id":3293,"date":"2010-03-30T08:20:53","date_gmt":"2010-03-30T11:20:53","guid":{"rendered":"https:\/\/ligamercedina.com\/?p=3293"},"modified":"2010-03-30T08:20:53","modified_gmt":"2010-03-30T11:20:53","slug":"copa-federacion-norte-rivadavia-de-baradero-gano-el-primer-partido","status":"publish","type":"post","link":"https:\/\/ligamercedina.com\/web\/copa-federacion-norte-rivadavia-de-baradero-gano-el-primer-partido\/","title":{"rendered":"COPA FEDERACION NORTE: RIVADAVIA DE BARADERO GANO EL PRIMER PARTIDO"},"content":{"rendered":"<p>Se jug\u00f3 el s\u00e1bado el primer partido final de la Copa donde en condici\u00f3n de visitante, Rivadavia de Baradero le gan\u00f3 a Sportivo Barracas de Col\u00f3n por 1 a 0.<br \/>\nEl viernes se juega la revancha. El campe\u00f3n clasifica a la pr\u00f3xima edici\u00f3n del Torneo del Interior.<\/p>\n<p><strong>S\u00cdNTESIS<\/strong><\/p>\n<p><strong>SPORTIVO BARRACAS (0)<\/strong><br \/>\nImperador, Aranda, Cabrera, P\u00e9rez, Villalonga, Ungaretti, Luj\u00e1n, D L\u00f3pez, Howlin, Cimonovich y G Lagnaux. DT: Mart\u00edn P\u00e9rez. Suplentes: Mart\u00ednez, Tuli\u00e1n, C Lagnaux y Rodriguez. Ingresaron: Palacios, Pino y Cazzola.<\/p>\n<p><strong>RIVADAVIA (1)<\/strong><br \/>\nPontalti, Rojas, Fredes, Rold\u00e1n, Fretes, Manicler,V\u00e1squez, Biain, De Lucca, Monz\u00f3n y M R\u00edos. DT: Shaer &#8211; OLivieri. Suplentes: Luna, Vergara y Bechthold. Ingresaron: G\u00f3mez, Mu\u00f1oz.<\/p>\n<p><strong>GOL:<\/strong> PT 34\u00b4De Lucca (R).<br \/>\n<strong>INCIDENCIAS:<\/strong> A los  32\u00b4 del ST fue expulsado Rold\u00e1n (R).<br \/>\n<strong>ARBITRO:<\/strong> Sergio Pintos.<br \/>\n<em><strong>Cancha:<\/strong><\/em> Sportivo Barracas. <em><strong>P\u00fablico:<\/strong><\/em> Aprox. 700 personas.<\/p>\n","protected":false},"excerpt":{"rendered":"<p>Se jug\u00f3 el s\u00e1bado el primer partido final de la Copa donde en condici\u00f3n de visitante, Rivadavia de Baradero le gan\u00f3 a Sportivo Barracas de Col\u00f3n por 1 a 0. El viernes se juega la revancha. El campe\u00f3n clasifica a la pr\u00f3xima edici\u00f3n del Torneo del Interior. S\u00cdNTESIS SPORTIVO BARRACAS (0) Imperador, Aranda, Cabrera, P\u00e9rez, Villalonga, Ungaretti, Luj\u00e1n, D L\u00f3pez,<\/p>\n","protected":false},"author":1,"featured_media":0,"comment_status":"open","ping_status":"open","sticky":false,"template":"","format":"standard","meta":{"footnotes":""},"categories":[4],"tags":[],"class_list":["post-3293","post","type-post","status-publish","format-standard","hentry","category-informaciongeneral"],"_links":{"self":[{"href":"https:\/\/ligamercedina.com\/web\/wp-json\/wp\/v2\/posts\/3293","targetHints":{"allow":["GET"]}}],"collection":[{"href":"https:\/\/ligamercedina.com\/web\/wp-json\/wp\/v2\/posts"}],"about":[{"href":"https:\/\/ligamercedina.com\/web\/wp-json\/wp\/v2\/types\/post"}],"author":[{"embeddable":true,"href":"https:\/\/ligamercedina.com\/web\/wp-json\/wp\/v2\/users\/1"}],"replies":[{"embeddable":true,"href":"https:\/\/ligamercedina.com\/web\/wp-json\/wp\/v2\/comments?post=3293"}],"version-history":[{"count":0,"href":"https:\/\/ligamercedina.com\/web\/wp-json\/wp\/v2\/posts\/3293\/revisions"}],"wp:attachment":[{"href":"https:\/\/ligamercedina.com\/web\/wp-json\/wp\/v2\/media?parent=3293"}],"wp:term":[{"taxonomy":"category","embeddable":true,"href":"https:\/\/ligamercedina.com\/web\/wp-json\/wp\/v2\/categories?post=3293"},{"taxonomy":"post_tag","embeddable":true,"href":"https:\/\/ligamercedina.com\/web\/wp-json\/wp\/v2\/tags?post=3293"}],"curies":[{"name":"wp","href":"https:\/\/api.w.org\/{rel}","templated":true}]}}