{"id":32862,"date":"2024-05-01T09:16:13","date_gmt":"2024-05-01T12:16:13","guid":{"rendered":"https:\/\/ligamercedina.com\/web\/?p=32862"},"modified":"2024-05-02T17:55:04","modified_gmt":"2024-05-02T20:55:04","slug":"horarios-para-el-fin-de-semana-en-todas-las-categorias-3","status":"publish","type":"post","link":"https:\/\/ligamercedina.com\/web\/horarios-para-el-fin-de-semana-en-todas-las-categorias-3\/","title":{"rendered":"HORARIOS PARA EL FIN DE SEMANA EN TODAS LAS CATEGORIAS"},"content":{"rendered":"<h4 style=\"text-align: center;\"><span style=\"color: #ff0000;\"><strong>PRIMERA DIVISION<\/strong><\/span><\/h4>\n<p><em><strong>S\u00e1bado 4 de mayo, cancha Estudiantes<\/strong><\/em><br \/>\n16:00 hs. Estudiantes Vs. Ateneo<\/p>\n<p><strong><em>S\u00e1bado 4 de mayo, cancha El Front\u00f3n<\/em><\/strong><br \/>\n16:00 hs. El Front\u00f3n Vs. Uni\u00f3n<\/p>\n<p><em><strong>Domingo 5 de mayo, cancha La Tijera<\/strong><\/em><br \/>\n16:00 hs. La Tijera Vs. Jorge Newbery<\/p>\n<h4 style=\"text-align: center;\"><strong><span style=\"color: #ff0000;\">RESERVA<\/span><\/strong><\/h4>\n<p><em><strong>S\u00e1bado 4 de mayo, cancha Estudiantes<\/strong><\/em><br \/>\n14:00 hs. Estudiantes Vs. Ateneo<\/p>\n<p><em><strong>S\u00e1bado 4 de mayo, cancha El Front\u00f3n<\/strong><\/em><br \/>\n14:00 hs. El Front\u00f3n Vs. Uni\u00f3n<\/p>\n<p><em><strong>S\u00e1bado 4 de mayo, cancha Carteros<\/strong><\/em><br \/>\n14:00 hs. Villa Manchi Vs. Palometas<\/p>\n<p><em><strong>S\u00e1bado 4 de mayo, cancha Defensores<\/strong><\/em><br \/>\n14:45 hs. Talleres Vs. El Tim\u00f3n<br \/>\n16:30 hs. AMEFIP Vs. Deportivo Gowland<\/p>\n<p><em><strong>S\u00e1bado 4 de mayo, cancha Quilmes<\/strong><\/em><br \/>\n15:00 hs. Quilmes Vs. Carteros<\/p>\n<p><em><strong>Domingo 5 de mayo, cancha La Tijera<\/strong><\/em><br \/>\n14:00 hs. La Tijera Vs. Jorge Newbery<\/p>\n<h4 style=\"text-align: center;\"><span style=\"color: #ff0000;\"><strong>INFANTO JUVENIL<\/strong><\/span><\/h4>\n<p><strong>Gowland \u2013 Palometas<\/strong><br \/>\n13:00 hs. Categor\u00eda 2016<br \/>\n14:00 hs. Categor\u00eda 2015<br \/>\n15:00 hs. Categor\u00eda 2014<br \/>\n16:00 hs. Categor\u00eda 2013<\/p>\n<p>11:00 hs. Categor\u00eda 2010 (Cancha Palometas)<br \/>\n12:15 hs. Categor\u00eda 5\u00aa<\/p>\n<p><strong>Uni\u00f3n \u2013 Ateneo<\/strong><br \/>\n13:00 hs. Categor\u00eda 2016<br \/>\n14:00 hs. Categor\u00eda 2015<br \/>\n15:00 hs. Categor\u00eda 2014<br \/>\n16:00 hs. Categor\u00eda 2013<\/p>\n<p>11:00 hs. Categor\u00eda 2012<br \/>\n12:15 hs. Categor\u00eda 2011<br \/>\n13:30 hs. Categor\u00eda 2010<br \/>\n14:45 hs. Categor\u00eda 2009<br \/>\n16:00 hs. Categor\u00eda 5\u00aa<\/p>\n<p><strong>El Tim\u00f3n &#8211; Mercedes<\/strong><br \/>\n11:00 hs. Categor\u00eda 2011<br \/>\n12:15 hs. Categor\u00eda 2010<br \/>\n13:30 hs. Categor\u00eda 2009<br \/>\n14:45 hs. Categor\u00eda 5\u00aa<\/p>\n<p><strong>Talleres \u2013 El Front\u00f3n (Cancha Defensores)<\/strong><br \/>\n13:00 hs. Categor\u00eda 2016<br \/>\n14:00 hs. Categor\u00eda 2015<br \/>\n15:00 hs. Categor\u00eda 2014<br \/>\n16:00 hs. Categor\u00eda 2013<\/p>\n<p>12:00 hs. Categor\u00eda 2012<br \/>\n13:15 hs. Categor\u00eda 5\u00aa<\/p>\n<p><strong>Juventud \u2013 Pabell\u00f3n Argentino<\/strong><br \/>\n11:00 hs. Categor\u00eda 2012<br \/>\n12:15 hs. Categor\u00eda 2011<br \/>\n13:30 hs. Categor\u00eda 2010<br \/>\n14:45 hs. Categor\u00eda 2009<br \/>\n16:00 hs. Categor\u00eda 5\u00aa<\/p>\n<p><strong>Quilmes \u2013 La Tijera<\/strong><br \/>\n11:00 hs. Categor\u00eda 2012<br \/>\n12:15 hs. Categor\u00eda 2010<br \/>\n13:30 hs. Categor\u00eda 5\u00aa<\/p>\n<p><strong>Villa Manchi \u2013 Trocha<\/strong><br \/>\n13:00 hs. Categor\u00eda 2016<br \/>\n14:00 hs. Categor\u00eda 2015<br \/>\n15:00 hs. Categor\u00eda 2014<br \/>\n16:00 hs. Categor\u00eda 2013<\/p>\n<p>10:00 hs. Categor\u00eda 2012<br \/>\n11:15 hs. Categor\u00eda 2011<br \/>\n12:30 hs. Categor\u00eda 2010<br \/>\n13:45 hs. Categor\u00eda 2009<br \/>\n15:00 hs. Categor\u00eda 5\u00aa<\/p>\n<p><strong>Estudiantes \u2013 Carteros<\/strong><br \/>\n13:00 hs. Categor\u00eda 2016<br \/>\n14:00 hs. Categor\u00eda 2015<br \/>\n15:00 hs. Categor\u00eda 2014<br \/>\n16:00 hs. Categor\u00eda 2013<\/p>\n<p>11:00 hs. Categor\u00eda 2012<br \/>\n12:15 hs. Categor\u00eda 2011<br \/>\n13:30 hs. Categor\u00eda 2010<br \/>\n14:45 hs. Categor\u00eda 2009<br \/>\n16:00 hs. Categor\u00eda 5\u00aa<\/p>\n<p><strong>Holanda \u2013 V\u00e9lez<\/strong><br \/>\n13:00 hs. Categor\u00eda 2015<br \/>\n14:00 hs. Categor\u00eda 2013<\/p>\n<p>11:00 hs. Categor\u00eda 2012<br \/>\n12:15 hs. Categor\u00eda 2010<br \/>\n13:30 hs. Categor\u00eda 5\u00aa<\/p>\n<h4 style=\"text-align: center;\"><span style=\"color: #ff0000;\"><strong>FEMENINO PRIMERA<\/strong><\/span><\/h4>\n<p><em><strong>S\u00e1bado 4 de mayo, cancha Uni\u00f3n<\/strong><\/em><br \/>\n17:45 hs. Uni\u00f3n Vs. Palometas<\/p>\n<p><em><strong>S\u00e1bado 4 de mayo, cancha Villa Manchi<\/strong><\/em><br \/>\n16:30 hs. Villa Manchi \u2013 Trocha<\/p>\n<p><em><strong>S\u00e1bado 4 de mayo, cancha La Tijera<\/strong><\/em><br \/>\n18:00 hs. La Tijera Vs. Atl. Rodr\u00edguez<\/p>\n<p><em><strong>Domingo 5 de mayo, cancha El Front\u00f3n<\/strong><\/em><br \/>\n16:00 hs. El Front\u00f3n Vs. El Tim\u00f3n<\/p>\n<p><em><strong>S\u00e1bado 4 de mayo, cancha Carteros <\/strong><\/em><br \/>\n16:00 hs. AMEFIP \u2013 Mercedes<\/p>\n<h4 style=\"text-align: center;\"><span style=\"color: #ff0000;\"><strong>FEMENINO INFERIORES<\/strong><\/span><\/h4>\n<p><em><strong>Cancha Gowland<\/strong><\/em><br \/>\n11:00 hs. \u2013SUB 12- Palometas Vs. Trocha Rojo<br \/>\n12:00 hs. \u2013SUB 14- Gowland Vs. Palometas<\/p>\n<p><strong><em>Cancha Defensores<\/em><\/strong><br \/>\n11:00 hs. \u2013SUB 12- Talleres Vs. Mercedes<br \/>\n12:00 hs. \u2013SUB 14- Talleres Vs. Palometas Blanco<\/p>\n<p><em><strong>Cancha Villa Manchi<\/strong><\/em><br \/>\n17:00 hs. \u2013SUB 16- Villa Manchi Vs. Estudiantes<\/p>\n<p><em><strong>Cancha Estudiantes<\/strong><\/em><br \/>\n11:00 hs. \u2013SUB 12- Carteros Vs. Trocha Azul<br \/>\n12:00 hs. \u2013SUB 14- Estudiantes Vs. Carteros<\/p>\n<p><em><strong>Cancha Holanda<\/strong><\/em><br \/>\n11:00 hs. \u2013SUB 14- Holanda Vs. Trocha<br \/>\n12:00 hs. \u2013SUB 14- Carteros Vs. Defensores<br \/>\n15:00 hs. \u2013SUB 16- Carteros Vs. Mercedes<\/p>\n","protected":false},"excerpt":{"rendered":"<p>PRIMERA DIVISION S\u00e1bado 4 de mayo, cancha Estudiantes 16:00 hs. Estudiantes Vs. Ateneo S\u00e1bado 4 de mayo, cancha El Front\u00f3n 16:00 hs. El Front\u00f3n Vs. Uni\u00f3n Domingo 5 de mayo, cancha La Tijera 16:00 hs. La Tijera Vs. Jorge Newbery RESERVA S\u00e1bado 4 de mayo, cancha Estudiantes 14:00 hs. Estudiantes Vs. Ateneo S\u00e1bado 4 de mayo, cancha El Front\u00f3n 14:00<\/p>\n","protected":false},"author":2,"featured_media":0,"comment_status":"open","ping_status":"open","sticky":false,"template":"","format":"standard","meta":{"footnotes":""},"categories":[4],"tags":[],"class_list":["post-32862","post","type-post","status-publish","format-standard","hentry","category-informaciongeneral"],"_links":{"self":[{"href":"https:\/\/ligamercedina.com\/web\/wp-json\/wp\/v2\/posts\/32862","targetHints":{"allow":["GET"]}}],"collection":[{"href":"https:\/\/ligamercedina.com\/web\/wp-json\/wp\/v2\/posts"}],"about":[{"href":"https:\/\/ligamercedina.com\/web\/wp-json\/wp\/v2\/types\/post"}],"author":[{"embeddable":true,"href":"https:\/\/ligamercedina.com\/web\/wp-json\/wp\/v2\/users\/2"}],"replies":[{"embeddable":true,"href":"https:\/\/ligamercedina.com\/web\/wp-json\/wp\/v2\/comments?post=32862"}],"version-history":[{"count":5,"href":"https:\/\/ligamercedina.com\/web\/wp-json\/wp\/v2\/posts\/32862\/revisions"}],"predecessor-version":[{"id":32904,"href":"https:\/\/ligamercedina.com\/web\/wp-json\/wp\/v2\/posts\/32862\/revisions\/32904"}],"wp:attachment":[{"href":"https:\/\/ligamercedina.com\/web\/wp-json\/wp\/v2\/media?parent=32862"}],"wp:term":[{"taxonomy":"category","embeddable":true,"href":"https:\/\/ligamercedina.com\/web\/wp-json\/wp\/v2\/categories?post=32862"},{"taxonomy":"post_tag","embeddable":true,"href":"https:\/\/ligamercedina.com\/web\/wp-json\/wp\/v2\/tags?post=32862"}],"curies":[{"name":"wp","href":"https:\/\/api.w.org\/{rel}","templated":true}]}}