{"id":324,"date":"2007-12-18T20:33:05","date_gmt":"2007-12-18T23:33:05","guid":{"rendered":"https:\/\/ligamercedina.com\/?p=324"},"modified":"2007-12-18T20:33:05","modified_gmt":"2007-12-18T23:33:05","slug":"el-jueves-27-asamblea-para-elegir-autoridades","status":"publish","type":"post","link":"https:\/\/ligamercedina.com\/web\/el-jueves-27-asamblea-para-elegir-autoridades\/","title":{"rendered":"EL JUEVES 27 ASAMBLEA PARA ELEGIR AUTORIDADES"},"content":{"rendered":"<p><strong>CONVOCATORIA A ASAMBLEA ORDINARIA<\/strong><\/p>\n<p>Se convoca a Asamblea Ordinaria para el d\u00eda 27 de diciembre, a las 20.30 horas, en la Secretaria de la Liga Mercedina de F\u00fatbol, a los efectos de tratar el siguiente,<\/p>\n<p><strong>ORDEN DEL DIA<\/strong><br \/>\n<strong>1)<\/strong> Lectura y consideraci\u00f3n del Acta de la Asamblea <strong>Ordinaria anterior.<br \/>\n2)<\/strong> Consideraci\u00f3n de la Memoria y Balance del Ejercicio fenecido<br \/>\n<strong>3)<\/strong> Elecci\u00f3n de Presidente de la Liga Mercedina de F\u00fatbol por el t\u00e9rmino de dos (2) a\u00f1os por terminaci\u00f3n de mandato. (Periodo 2008-2009).<br \/>\n<strong>4)<\/strong> Elecci\u00f3n de Presidente del Honorable Tribunal de Penas de la Liga Mercedina de F\u00fatbol por terminaci\u00f3n de mandato.(Periodo 2008-2009).<br \/>\n<strong>5)<\/strong> Designaci\u00f3n de dos (2) Revisores de Cuenta Titulares por el t\u00e9rmino de dos (2) a\u00f1os.<br \/>\n<strong>6)<\/strong> Designaci\u00f3n de dos (2) Asamble\u00edstas para refrendar el Acta.<br \/>\n<strong>7)<\/strong> Clausura.-<\/p>\n<p>Daniel Figueredo (Secretario)                                           Armando Ponce (Presidente)<\/p>\n<p><strong>DE LOS ESTATUTOS:<\/strong><br \/>\nLas Asambleas se realizaran de acuerdo a lo establecido en los Art. 45\u00b0 y 46\u00b0 respectivamente del Estatuto en vigencia.-<\/p>\n","protected":false},"excerpt":{"rendered":"<p>CONVOCATORIA A ASAMBLEA ORDINARIA Se convoca a Asamblea Ordinaria para el d\u00eda 27 de diciembre, a las 20.30 horas, en la Secretaria de la Liga Mercedina de F\u00fatbol, a los efectos de tratar el siguiente, ORDEN DEL DIA 1) Lectura y consideraci\u00f3n del Acta de la Asamblea Ordinaria anterior. 2) Consideraci\u00f3n de la Memoria y Balance del Ejercicio fenecido 3)<\/p>\n","protected":false},"author":1,"featured_media":0,"comment_status":"open","ping_status":"open","sticky":false,"template":"","format":"standard","meta":{"footnotes":""},"categories":[4],"tags":[],"class_list":["post-324","post","type-post","status-publish","format-standard","hentry","category-informaciongeneral"],"_links":{"self":[{"href":"https:\/\/ligamercedina.com\/web\/wp-json\/wp\/v2\/posts\/324","targetHints":{"allow":["GET"]}}],"collection":[{"href":"https:\/\/ligamercedina.com\/web\/wp-json\/wp\/v2\/posts"}],"about":[{"href":"https:\/\/ligamercedina.com\/web\/wp-json\/wp\/v2\/types\/post"}],"author":[{"embeddable":true,"href":"https:\/\/ligamercedina.com\/web\/wp-json\/wp\/v2\/users\/1"}],"replies":[{"embeddable":true,"href":"https:\/\/ligamercedina.com\/web\/wp-json\/wp\/v2\/comments?post=324"}],"version-history":[{"count":0,"href":"https:\/\/ligamercedina.com\/web\/wp-json\/wp\/v2\/posts\/324\/revisions"}],"wp:attachment":[{"href":"https:\/\/ligamercedina.com\/web\/wp-json\/wp\/v2\/media?parent=324"}],"wp:term":[{"taxonomy":"category","embeddable":true,"href":"https:\/\/ligamercedina.com\/web\/wp-json\/wp\/v2\/categories?post=324"},{"taxonomy":"post_tag","embeddable":true,"href":"https:\/\/ligamercedina.com\/web\/wp-json\/wp\/v2\/tags?post=324"}],"curies":[{"name":"wp","href":"https:\/\/api.w.org\/{rel}","templated":true}]}}