{"id":32306,"date":"2024-03-19T13:47:10","date_gmt":"2024-03-19T16:47:10","guid":{"rendered":"https:\/\/ligamercedina.com\/web\/?p=32306"},"modified":"2024-03-21T19:25:56","modified_gmt":"2024-03-21T22:25:56","slug":"horarios-en-todas-las-categorias-para-el-fin-de-semana","status":"publish","type":"post","link":"https:\/\/ligamercedina.com\/web\/horarios-en-todas-las-categorias-para-el-fin-de-semana\/","title":{"rendered":"HORARIOS EN TODAS LAS CATEGORIAS PARA EL FIN DE SEMANA"},"content":{"rendered":"<p style=\"text-align: center;\"><span style=\"color: #ff0000;\"><strong>PRIMERA DIVISION<\/strong><\/span><\/p>\n<p style=\"text-align: left;\"><em><strong>Viernes 22 de marzo, cancha Liga Mercedina<\/strong><\/em><br \/>\n19:30 hs. Carteros Vs. Ateneo<br \/>\n21:30 hs. Mercedes Vs. V\u00e9lez<\/p>\n<p><em><strong>S\u00e1bado 23 de marzo, cancha Estudiantes<\/strong><\/em><br \/>\n14:30 hs. Estudiantes Vs. Atl\u00e9tico Rodriguez<\/p>\n<p><em><strong>S\u00e1bado 23 de marzo, cancha El Front\u00f3n<\/strong><\/em><br \/>\n17:00 hs. El Front\u00f3n Vs. All Haz<\/p>\n<p><em><strong>Domingo 24 de marzo, cancha Liga Mercedina<\/strong><\/em><br \/>\n13:00 hs. Trocha Vs. Defensores -A PUERTAS CERRADAS-<br \/>\n15:00 hs. Palometas Vs. Jorge Newbery<br \/>\n17:00 hs. Talleres Vs. Villa Manchi<\/p>\n<p><em><strong>Domingo 24 de marzo, cancha Quilmes<\/strong><\/em><br \/>\n13:00 hs. Uni\u00f3n Vs. Pabell\u00f3n Argentino<br \/>\n15:00 hs. Quilmes Vs. Juventud<br \/>\n17:00 hs. AMEFIP Vs. El Tim\u00f3n<\/p>\n<p><em><strong>Postergado por falta de polic\u00eda<\/strong><\/em><br \/>\nLa Tijera Vs. Dep Gowland<\/p>\n<p style=\"text-align: center;\"><span style=\"color: #ff0000;\"><strong>RESERVA<\/strong><\/span><\/p>\n<p><em><strong>Viernes 22 de marzo, cancha Mercedes<\/strong><\/em><br \/>\n19:30 hs. Mercedes Vs. V\u00e9lez<\/p>\n<p><em><strong>S\u00e1bado 23 de marzo, cancha Carteros<\/strong><\/em><br \/>\n14:30 hs. Carteros Vs. Ateneo<\/p>\n<p><em><strong>S\u00e1bado 23 de marzo, cancha El Front\u00f3n<\/strong><\/em><br \/>\n15:00 hs. El Front\u00f3n Vs. All Haz<\/p>\n<p><em><strong>S\u00e1bado 23 de marzo, cancha Estudiantes<\/strong><\/em><br \/>\n16:30 hs. Estudiantes Vs. Atl\u00e9tico Rodr\u00edguez<\/p>\n<p><em><strong>S\u00e1bado 23 de marzo, cancha Palometas<\/strong><\/em><br \/>\n15:00 hs. AMEFIP Vs. El Tim\u00f3n<br \/>\n17:00 hs. Palometas Vs. Jorge Newbery<\/p>\n<p><em><strong>S\u00e1bado 23 de marzo, cancha Quilmes<\/strong><\/em><br \/>\n17:00 hs. Quilmes Vs. Juventud<\/p>\n<p><em><strong>Domingo 24 de marzo, cancha Trocha<\/strong><\/em><br \/>\n14:00 hs. Talleres Vs. Villa Manchi<br \/>\n16:00 hs. Trocha Vs. Defensores<\/p>\n<p><em><strong>Domingo 24 de marzo, cancha Carteros<\/strong><\/em><br \/>\n16:00 hs. Uni\u00f3n Vs. Pabell\u00f3n Argentino<\/p>\n<p><strong><em>Postergado<\/em><\/strong><br \/>\nLa Tijera Vs. Dep Gowland<\/p>\n<p>&nbsp;<\/p>\n<p style=\"text-align: center;\"><span style=\"color: #ff0000;\"><strong>PRIMERA FEMENINO<\/strong><\/span><\/p>\n<p><em><strong>S\u00e1bado 23 de marzo, cancha Palometas<\/strong><\/em><br \/>\n13:15 hs. AMEFIP Vs. El Tim\u00f3n<\/p>\n<p>&nbsp;<\/p>\n<p><strong>S\u00e1bado 23 de marzo, cancha Atl\u00e9tico Rodr\u00edguez<\/strong><em><br \/>\n15:00 hs. Atl\u00e9tico Rodr\u00edguez Vs. Palometas<\/p>\n<p><strong><em>S\u00e1bado 23 de marzo, cancha La Tijera<\/em><\/strong><br \/>\n16:00 hs. La Tijera Vs. Flandria<\/p>\n<p><em><strong>S\u00e1bado 23 de marzo, cancha Mercedes<\/strong><\/em><br \/>\n17:00 hs. Mercedes Vs. Trocha<\/p>\n<p><em><strong>S\u00e1bado 23 de marzo, cancha Villa Manchi<\/strong><\/em><br \/>\n17:00 hs. Villa Manchi Vs. Defensores<\/p>\n<p><strong><em>S\u00e1bado 23 de marzo, cancha Uni\u00f3n<\/em><\/strong><br \/>\n18:00 hs. Uni\u00f3n Vs. El Front\u00f3n<\/p>\n<p>&nbsp;<\/p>\n<p style=\"text-align: center;\"><span style=\"color: #ff0000;\"><strong>INFANTO &#8211; JUVENIL<\/strong><\/span><\/p>\n<p><strong>Estudiantes \u2013 Juventud<\/strong><br \/>\n13:00 hs. Categor\u00eda 2016<br \/>\n14:00 hs. Categor\u00eda 2015<br \/>\n15:00 hs. Categor\u00eda 2014<br \/>\n16:00 hs. Categor\u00eda 2013<\/p>\n<p>11:00 hs. Categor\u00eda 2012<br \/>\n12:15 hs. Categor\u00eda 2011<br \/>\n13:30 hs. Categor\u00eda 2010<br \/>\n14:45 hs. Categor\u00eda 2009<br \/>\n16:00 hs. Categor\u00eda 5\u00aa<\/p>\n<p><strong>Villa Manchi \u2013 Carteros<\/strong><br \/>\n13:00 hs. Categor\u00eda 2016<br \/>\n14:00 hs. Categor\u00eda 2015<br \/>\n15:00 hs. Categor\u00eda 2014<br \/>\n16:00 hs. Categor\u00eda 2013<\/p>\n<p>10:00 hs. Categor\u00eda 2012<br \/>\n11:15 hs. Categor\u00eda 2011<br \/>\n12:30 hs. Categor\u00eda 2010<br \/>\n13:45 hs. Categor\u00eda 5a<br \/>\n15:15 hs. Categor\u00eda 2009<\/p>\n<p><strong>Gowland \u2013 Talleres<\/strong><br \/>\n13:00 hs. Categor\u00eda 2016<br \/>\n14:00 hs. Categor\u00eda 2015<br \/>\n15:00 hs. Categor\u00eda 2014<br \/>\n16:00 hs. Categor\u00eda 2013<\/p>\n<p>12:00 hs. Categor\u00eda 5\u00aa<\/p>\n<p><strong>Defensores \u2013 Palometas<\/strong><br \/>\n13:30 hs. Categor\u00eda 2016<br \/>\n14:30 hs. Categor\u00eda 2015<br \/>\n15:30 hs. Categor\u00eda 2014<br \/>\n16:30 hs. Categor\u00eda 2013<\/p>\n<p>11:00 hs. Categor\u00eda 2012<br \/>\n12:15 hs. Categor\u00eda 2011<br \/>\n13:30 hs. Categor\u00eda 2010<br \/>\n14:45 hs. Categor\u00eda 2009<br \/>\n16:00 hs. Categor\u00eda 5\u00aa<\/p>\n<p><strong>Holanda \u2013 Pabell\u00f3n Argentino<\/strong><br \/>\n12:00 hs. Categor\u00eda 2012<br \/>\n13:15 hs. Categor\u00eda 2010<br \/>\n14:30 hs. Categor\u00eda 5\u00aa<\/p>\n<p><strong>Uni\u00f3n \u2013 El Front\u00f3n<\/strong><br \/>\n13:00 hs. Categor\u00eda 2016<br \/>\n14:00 hs. Categor\u00eda 2015<br \/>\n15:00 hs. Categor\u00eda 2014<br \/>\n16:00 hs. Categor\u00eda 2013<\/p>\n<p>11:00 hs. Categor\u00eda 2012<br \/>\n12:15 hs. Categor\u00eda 2011<br \/>\n13:30 hs. Categor\u00eda 2010<br \/>\n14:45 hs. Categor\u00eda 2009<br \/>\n16:00 hs. Categor\u00eda 5\u00aa<\/p>\n<p><strong>Quilmes \u2013 V\u00e9lez<\/strong><br \/>\n13:00 hs. Categor\u00eda 2016<br \/>\n14:00 hs. Categor\u00eda 2015<br \/>\n15:00 hs. Categor\u00eda 2014<br \/>\n16:00 hs. Categor\u00eda 2013<\/p>\n<p>11:00 hs. Categor\u00eda 2012<br \/>\n12:15 hs. Categor\u00eda 2011<br \/>\n13:30 hs. Categor\u00eda 2010<br \/>\n15:00 hs. Categor\u00eda 5\u00aa<\/p>\n<p><strong>Mercedes \u2013 Trocha<\/strong><br \/>\n13:00 hs. Categor\u00eda 2016<br \/>\n14:00 hs. Categor\u00eda 2015<br \/>\n15:00 hs. Categor\u00eda 2014<br \/>\n16:00 hs. Categor\u00eda 2013<\/p>\n<p>10:15 hs. Categor\u00eda 2012<br \/>\n11:30 hs. Categor\u00eda 2011<br \/>\n12:45 hs. Categor\u00eda 2010<br \/>\n14:00 hs. Categor\u00eda 2009<br \/>\n15:30 hs. Categor\u00eda 5\u00aa<\/p>\n<p><strong>La Tijera \u2013 Ateneo<\/strong><br \/>\n12:00 hs. Categor\u00eda 2012<br \/>\n13:15 hs. Categor\u00eda 2010<br \/>\n14:30 hs. Categor\u00eda 5\u00aa<\/p>\n<p>&nbsp;<\/p>\n<p style=\"text-align: center;\"><span style=\"color: #ff0000;\"><strong>INFANTO JUVENIL FEMENINO<\/strong><\/span><\/p>\n<p><strong>Villa Manchi Vs. Carteros<\/strong><br \/>\n17:00 hs. Categor\u00eda Sub 16<\/p>\n<p><strong>Carteros Vs. Talleres (Cancha Gowland)<\/strong><br \/>\n11:00 hs. Carteros Vs. Talleres<\/p>\n<p><strong>Gowland Vs. Carteros<\/strong><br \/>\n12:00 hs. Categor\u00eda Sub 14<\/p>\n<p><strong>Defensores Vs. Palometas<\/strong><br \/>\n11:30 hs. Categor\u00eda Sub 12<br \/>\n12:30 hs. Categor\u00eda Sub 14<\/p>\n<p><strong>Mercedes Vs. Trocha<\/strong><br \/>\n11:00 hs. Categor\u00eda Sub 12<br \/>\n12:00 hs. Categor\u00eda Sub 14<\/p>\n<p><strong>Mercedes Vs. Talleres<\/strong><br \/>\n17:00 hs. Categor\u00eda Sub 16<\/p>\n<p><strong>Holanda Vs. Palometas A (Cancha Defensores)<\/strong><br \/>\n10:30 hs. Categor\u00eda Sub 14<\/p>\n","protected":false},"excerpt":{"rendered":"<p>PRIMERA DIVISION Viernes 22 de marzo, cancha Liga Mercedina 19:30 hs. Carteros Vs. Ateneo 21:30 hs. Mercedes Vs. V\u00e9lez S\u00e1bado 23 de marzo, cancha Estudiantes 14:30 hs. Estudiantes Vs. Atl\u00e9tico Rodriguez S\u00e1bado 23 de marzo, cancha El Front\u00f3n 17:00 hs. El Front\u00f3n Vs. All Haz Domingo 24 de marzo, cancha Liga Mercedina 13:00 hs. Trocha Vs. Defensores -A PUERTAS CERRADAS-<\/p>\n","protected":false},"author":2,"featured_media":0,"comment_status":"open","ping_status":"open","sticky":false,"template":"","format":"standard","meta":{"footnotes":""},"categories":[4],"tags":[],"class_list":["post-32306","post","type-post","status-publish","format-standard","hentry","category-informaciongeneral"],"_links":{"self":[{"href":"https:\/\/ligamercedina.com\/web\/wp-json\/wp\/v2\/posts\/32306","targetHints":{"allow":["GET"]}}],"collection":[{"href":"https:\/\/ligamercedina.com\/web\/wp-json\/wp\/v2\/posts"}],"about":[{"href":"https:\/\/ligamercedina.com\/web\/wp-json\/wp\/v2\/types\/post"}],"author":[{"embeddable":true,"href":"https:\/\/ligamercedina.com\/web\/wp-json\/wp\/v2\/users\/2"}],"replies":[{"embeddable":true,"href":"https:\/\/ligamercedina.com\/web\/wp-json\/wp\/v2\/comments?post=32306"}],"version-history":[{"count":11,"href":"https:\/\/ligamercedina.com\/web\/wp-json\/wp\/v2\/posts\/32306\/revisions"}],"predecessor-version":[{"id":32320,"href":"https:\/\/ligamercedina.com\/web\/wp-json\/wp\/v2\/posts\/32306\/revisions\/32320"}],"wp:attachment":[{"href":"https:\/\/ligamercedina.com\/web\/wp-json\/wp\/v2\/media?parent=32306"}],"wp:term":[{"taxonomy":"category","embeddable":true,"href":"https:\/\/ligamercedina.com\/web\/wp-json\/wp\/v2\/categories?post=32306"},{"taxonomy":"post_tag","embeddable":true,"href":"https:\/\/ligamercedina.com\/web\/wp-json\/wp\/v2\/tags?post=32306"}],"curies":[{"name":"wp","href":"https:\/\/api.w.org\/{rel}","templated":true}]}}