{"id":32260,"date":"2024-03-17T01:06:11","date_gmt":"2024-03-17T04:06:11","guid":{"rendered":"https:\/\/ligamercedina.com\/web\/?p=32260"},"modified":"2024-03-18T10:59:01","modified_gmt":"2024-03-18T13:59:01","slug":"futbol-femenino-primera-fecha","status":"publish","type":"post","link":"https:\/\/ligamercedina.com\/web\/futbol-femenino-primera-fecha\/","title":{"rendered":"F\u00fatbol Femenino &#8211; primera fecha"},"content":{"rendered":"<div id=\"attachment_32295\" style=\"width: 870px\" class=\"wp-caption aligncenter\"><a href=\"https:\/\/ligamercedina.com\/web\/wp-content\/uploads\/2024\/03\/0044cf43-834b-4737-b6fc-fb45183a78c0.jpg\"><img loading=\"lazy\" decoding=\"async\" aria-describedby=\"caption-attachment-32295\" class=\"wp-image-32295 size-large\" src=\"https:\/\/ligamercedina.com\/web\/wp-content\/uploads\/2024\/03\/0044cf43-834b-4737-b6fc-fb45183a78c0-1024x682.jpg\" alt=\"\" width=\"860\" height=\"573\" srcset=\"https:\/\/ligamercedina.com\/web\/wp-content\/uploads\/2024\/03\/0044cf43-834b-4737-b6fc-fb45183a78c0-1024x682.jpg 1024w, https:\/\/ligamercedina.com\/web\/wp-content\/uploads\/2024\/03\/0044cf43-834b-4737-b6fc-fb45183a78c0-300x200.jpg 300w, https:\/\/ligamercedina.com\/web\/wp-content\/uploads\/2024\/03\/0044cf43-834b-4737-b6fc-fb45183a78c0-768x512.jpg 768w, https:\/\/ligamercedina.com\/web\/wp-content\/uploads\/2024\/03\/0044cf43-834b-4737-b6fc-fb45183a78c0.jpg 1280w\" sizes=\"auto, (max-width: 860px) 100vw, 860px\" \/><\/a><p id=\"caption-attachment-32295\" class=\"wp-caption-text\">Club Mercedes y Palometas jugaron el s\u00e1bado (foto Prensa Club Mercedes).<\/p><\/div>\n<p><strong>El Tim\u00f3n 1: <\/strong>Emilia Mu\u00f1oz.<br \/>\n<strong>La Tijera 3:<\/strong> Brisa G\u00f3mez y Daiana Su\u00e1rez 2.<\/p>\n<p><strong>Palometas 1:<\/strong> Matilda S\u00e1nchez.<br \/>\n<strong>Club Mercedes 6:<\/strong> Lucrecia Gamarra, Gabriela Gorosito, Julieta Olivieri, katia Roda y Agustina Vaccarezza 2.<\/p>\n<p><strong>Pabell\u00f3n 4:<\/strong> Noelia Molina 2 y Yoa Serra.<br \/>\n<strong>Uni\u00f3n 0<\/strong>.<\/p>\n<p><strong>Libre:<\/strong> Trocha<\/p>\n<p><span style=\"color: #ff0000;\"><strong>Suspendidos<\/strong><\/span><br \/>\nFlandria vs. Atl\u00e9tico General Rodr\u00edguez.<br \/>\nDefensores vs. AMEFIP San Mart\u00edn.<br \/>\nEl Front\u00f3n vs. Villa Manchi.<\/p>\n<p><strong style=\"font-size: 0.95em;\">Pr\u00f3xima fecha<br \/>\n<\/strong><span style=\"font-size: 0.95em;\">Uni\u00f3n vs. El Front\u00f3n.<br \/>\n<\/span><span style=\"font-size: 0.95em;\">Villa Manchi vs. Defensores.<br \/>\n<\/span><span style=\"font-size: 0.95em;\">AMEFIP San Mart\u00edn vs. El Tim\u00f3n.<br \/>\n<\/span><span style=\"font-size: 0.95em;\">La Tijera vs. Flandria.<br \/>\n<\/span><span style=\"font-size: 0.95em;\">Atl\u00e9tico General Rodr\u00edguez vs. Palometas.<br \/>\n<\/span><span style=\"font-size: 0.95em;\">Club Mercedes vs. Trocha.<br \/>\n<\/span><strong style=\"font-size: 0.95em;\">Libre:\u00a0<\/strong><span style=\"font-size: 0.95em;\">Pabell\u00f3n Argentino.<\/span><\/p>\n","protected":false},"excerpt":{"rendered":"<p>El Tim\u00f3n 1: Emilia Mu\u00f1oz. La Tijera 3: Brisa G\u00f3mez y Daiana Su\u00e1rez 2. Palometas 1: Matilda S\u00e1nchez. Club Mercedes 6: Lucrecia Gamarra, Gabriela Gorosito, Julieta Olivieri, katia Roda y Agustina Vaccarezza 2. Pabell\u00f3n 4: Noelia Molina 2 y Yoa Serra. Uni\u00f3n 0. Libre: Trocha Suspendidos Flandria vs. Atl\u00e9tico General Rodr\u00edguez. Defensores vs. AMEFIP San Mart\u00edn. El Front\u00f3n vs. Villa<\/p>\n","protected":false},"author":2,"featured_media":0,"comment_status":"open","ping_status":"open","sticky":false,"template":"","format":"standard","meta":{"footnotes":""},"categories":[4],"tags":[124,114,15],"class_list":["post-32260","post","type-post","status-publish","format-standard","hentry","category-informaciongeneral","tag-futbol-femenino","tag-liga-mercedina-de-futbol","tag-primera-division"],"_links":{"self":[{"href":"https:\/\/ligamercedina.com\/web\/wp-json\/wp\/v2\/posts\/32260","targetHints":{"allow":["GET"]}}],"collection":[{"href":"https:\/\/ligamercedina.com\/web\/wp-json\/wp\/v2\/posts"}],"about":[{"href":"https:\/\/ligamercedina.com\/web\/wp-json\/wp\/v2\/types\/post"}],"author":[{"embeddable":true,"href":"https:\/\/ligamercedina.com\/web\/wp-json\/wp\/v2\/users\/2"}],"replies":[{"embeddable":true,"href":"https:\/\/ligamercedina.com\/web\/wp-json\/wp\/v2\/comments?post=32260"}],"version-history":[{"count":5,"href":"https:\/\/ligamercedina.com\/web\/wp-json\/wp\/v2\/posts\/32260\/revisions"}],"predecessor-version":[{"id":32302,"href":"https:\/\/ligamercedina.com\/web\/wp-json\/wp\/v2\/posts\/32260\/revisions\/32302"}],"wp:attachment":[{"href":"https:\/\/ligamercedina.com\/web\/wp-json\/wp\/v2\/media?parent=32260"}],"wp:term":[{"taxonomy":"category","embeddable":true,"href":"https:\/\/ligamercedina.com\/web\/wp-json\/wp\/v2\/categories?post=32260"},{"taxonomy":"post_tag","embeddable":true,"href":"https:\/\/ligamercedina.com\/web\/wp-json\/wp\/v2\/tags?post=32260"}],"curies":[{"name":"wp","href":"https:\/\/api.w.org\/{rel}","templated":true}]}}