{"id":32219,"date":"2024-03-12T08:49:30","date_gmt":"2024-03-12T11:49:30","guid":{"rendered":"https:\/\/ligamercedina.com\/web\/?p=32219"},"modified":"2024-03-15T16:01:48","modified_gmt":"2024-03-15T19:01:48","slug":"primera-fecha-femenino-de-primera","status":"publish","type":"post","link":"https:\/\/ligamercedina.com\/web\/primera-fecha-femenino-de-primera\/","title":{"rendered":"Primera fecha Femenino de Primera"},"content":{"rendered":"<p><strong>FEMENINO PRIMERA DIVISION<\/strong><\/p>\n<p><strong>S\u00e1bado 16 de marzo, cancha El Tim\u00f3n<\/strong><br \/>\n16:30 hs. El Tim\u00f3n Vs. La Tijera.<\/p>\n<p><strong>S\u00e1bado 16 de marzo, cancha Palometas<\/strong><br \/>\n17:00 hs. Palometas Vs. Mercedes<\/p>\n<p><strong>S\u00e1bado 16 de marzo, cancha Defensores <span style=\"color: #ff0000;\">SUSPENDIDO<\/span><\/strong><br \/>\n17:00 hs. Defensores Vs. AMEFIP.<\/p>\n<p><strong>S\u00e1bado 16 de marzo, cancha El Front\u00f3n <span style=\"color: #ff0000;\">SUSPENDIDO<\/span><\/strong><br \/>\n17:00 hs. El Front\u00f3n Vs. Villa Manchi.<\/p>\n<p><strong>S\u00e1bado 16 de marzo, cancha Flandria <span style=\"color: #ff0000;\">SUSPENDIDO<\/span><\/strong><br \/>\n18:45 hs. Flandria Vs. Atl. Rodr\u00edguez.<\/p>\n<p><strong>Domingo 17 de marzo, cancha Pabell\u00f3n Argentino<\/strong><br \/>\n16:00 hs. Pabell\u00f3n Argentino Vs. Uni\u00f3n.<\/p>\n","protected":false},"excerpt":{"rendered":"<p>FEMENINO PRIMERA DIVISION S\u00e1bado 16 de marzo, cancha El Tim\u00f3n 16:30 hs. El Tim\u00f3n Vs. La Tijera. S\u00e1bado 16 de marzo, cancha Palometas 17:00 hs. Palometas Vs. Mercedes S\u00e1bado 16 de marzo, cancha Defensores SUSPENDIDO 17:00 hs. Defensores Vs. AMEFIP. S\u00e1bado 16 de marzo, cancha El Front\u00f3n SUSPENDIDO 17:00 hs. El Front\u00f3n Vs. Villa Manchi. S\u00e1bado 16 de marzo, cancha<\/p>\n","protected":false},"author":2,"featured_media":0,"comment_status":"open","ping_status":"open","sticky":false,"template":"","format":"standard","meta":{"footnotes":""},"categories":[4],"tags":[124,114],"class_list":["post-32219","post","type-post","status-publish","format-standard","hentry","category-informaciongeneral","tag-futbol-femenino","tag-liga-mercedina-de-futbol"],"_links":{"self":[{"href":"https:\/\/ligamercedina.com\/web\/wp-json\/wp\/v2\/posts\/32219","targetHints":{"allow":["GET"]}}],"collection":[{"href":"https:\/\/ligamercedina.com\/web\/wp-json\/wp\/v2\/posts"}],"about":[{"href":"https:\/\/ligamercedina.com\/web\/wp-json\/wp\/v2\/types\/post"}],"author":[{"embeddable":true,"href":"https:\/\/ligamercedina.com\/web\/wp-json\/wp\/v2\/users\/2"}],"replies":[{"embeddable":true,"href":"https:\/\/ligamercedina.com\/web\/wp-json\/wp\/v2\/comments?post=32219"}],"version-history":[{"count":5,"href":"https:\/\/ligamercedina.com\/web\/wp-json\/wp\/v2\/posts\/32219\/revisions"}],"predecessor-version":[{"id":32245,"href":"https:\/\/ligamercedina.com\/web\/wp-json\/wp\/v2\/posts\/32219\/revisions\/32245"}],"wp:attachment":[{"href":"https:\/\/ligamercedina.com\/web\/wp-json\/wp\/v2\/media?parent=32219"}],"wp:term":[{"taxonomy":"category","embeddable":true,"href":"https:\/\/ligamercedina.com\/web\/wp-json\/wp\/v2\/categories?post=32219"},{"taxonomy":"post_tag","embeddable":true,"href":"https:\/\/ligamercedina.com\/web\/wp-json\/wp\/v2\/tags?post=32219"}],"curies":[{"name":"wp","href":"https:\/\/api.w.org\/{rel}","templated":true}]}}