{"id":32215,"date":"2024-03-12T08:45:28","date_gmt":"2024-03-12T11:45:28","guid":{"rendered":"https:\/\/ligamercedina.com\/web\/?p=32215"},"modified":"2024-03-15T19:42:37","modified_gmt":"2024-03-15T22:42:37","slug":"tercera-fecha-de-primera-segunda-y-reserva","status":"publish","type":"post","link":"https:\/\/ligamercedina.com\/web\/tercera-fecha-de-primera-segunda-y-reserva\/","title":{"rendered":"Tercera fecha de Primera, Segunda y Reserva"},"content":{"rendered":"<p><strong>S\u00e1bado 16 de marzo, cancha Liga Mercedina<\/strong><br \/>\n13:15 hs. Jorge Newbery Vs. Talleres.<br \/>\n15:00 hs. Dep. Gowland Vs. Holanda.<br \/>\n17:00 hs. AMEFIP Vs. La Tijera.<br \/>\n19:00 hs. Defensores Vs. El Front\u00f3n.<\/p>\n<p><strong>S\u00e1bado 16 de marzo, cancha Atl\u00e9tico Rodr\u00edguez<\/strong><br \/>\n13:00 hs. Atl\u00e9tico Rodr\u00edguez Vs. All Haz.<\/p>\n<p><strong>S\u00e1bado 16 de marzo, cancha Pabell\u00f3n Argentino<\/strong><br \/>\n20:00 hs. Pabell\u00f3n Argentino Vs. Mercedes.<\/p>\n<p><strong>Domingo 17 de marzo, cancha Liga Mercedina<\/strong><br \/>\n13:00 hs. Uni\u00f3n Vs. Estudiantes.<br \/>\n15:00 hs. Villa Manchi Vs. Palometas.<br \/>\n17:00 hs. Quilmes Vs. Carteros.<\/p>\n<p><strong>Domingo 17 de marzo, cancha Ateneo<\/strong><br \/>\n16:00 hs. Ateneo Vs. Trocha.<\/p>\n<p><strong>Domingo 17 de marzo, cancha Juventud<\/strong><br \/>\n16:00 hs. Juventud Vs. V\u00e9lez.<\/p>\n<p><strong>\u00a0RESERVA<\/strong><\/p>\n<p><strong>S\u00e1bado 16 de marzo, cancha Uni\u00f3n<\/strong><br \/>\n13:30 hs. AMEFIP Vs. La Tijera. <span style=\"color: #ff0000;\"><strong>SUSPENDIDO<\/strong><\/span><br \/>\n15:30 hs. Uni\u00f3n Vs. Estudiantes. <span style=\"color: #ff0000;\"><strong>SUSPENDIDO<\/strong><\/span><br \/>\n17:30 hs. Villa Manchi Vs. Palometas. <span style=\"color: #ff0000;\"><strong>SUSPENDIDO<\/strong><\/span><\/p>\n<p><strong>S\u00e1bado 16 de marzo, cancha Atl\u00e9tico Rodr\u00edguez<\/strong><br \/>\n15:00 hs. Atl\u00e9tico Rodr\u00edguez Vs. All Haz.<\/p>\n<p><strong>S\u00e1bado 16 de marzo, cancha Defensores <span style=\"color: #ff0000;\">SUSPENDIDO<\/span><\/strong><br \/>\n15:00 hs. Defensores Vs. El Front\u00f3n.<\/p>\n<p><strong>S\u00e1bado 16 de marzo, cancha Trocha<\/strong><br \/>\n16:30 hs. Jorge Newbery Vs. Talleres.<br \/>\n18:30 hs. Gowland Vs. Holanda.<\/p>\n<p><strong>S\u00e1bado 16 de marzo, cancha Pabell\u00f3n Argentino<\/strong><br \/>\n17:45 hs. Pabell\u00f3n Argentino Vs. Mercedes<\/p>\n<p><strong>Domingo 17 de marzo, cancha Ateneo<\/strong><br \/>\n14:00 hs. Ateneo Vs. Trocha.<\/p>\n<p><strong>Domingo 17 de marzo, cancha Juventud<\/strong><br \/>\n14:00 hs. Juventud Vs. V\u00e9lez.<\/p>\n<p>Quilmes Vs. Carteros. <strong><span style=\"color: #ff0000;\">SUSPENDIDO<\/span><\/strong><\/p>\n","protected":false},"excerpt":{"rendered":"<p>S\u00e1bado 16 de marzo, cancha Liga Mercedina 13:15 hs. Jorge Newbery Vs. Talleres. 15:00 hs. Dep. Gowland Vs. Holanda. 17:00 hs. AMEFIP Vs. La Tijera. 19:00 hs. Defensores Vs. El Front\u00f3n. S\u00e1bado 16 de marzo, cancha Atl\u00e9tico Rodr\u00edguez 13:00 hs. Atl\u00e9tico Rodr\u00edguez Vs. All Haz. S\u00e1bado 16 de marzo, cancha Pabell\u00f3n Argentino 20:00 hs. Pabell\u00f3n Argentino Vs. Mercedes. Domingo 17<\/p>\n","protected":false},"author":2,"featured_media":0,"comment_status":"open","ping_status":"open","sticky":false,"template":"","format":"standard","meta":{"footnotes":""},"categories":[4],"tags":[114,121,123,122],"class_list":["post-32215","post","type-post","status-publish","format-standard","hentry","category-informaciongeneral","tag-liga-mercedina-de-futbol","tag-primera-division-a","tag-reserva","tag-segunda-division-a"],"_links":{"self":[{"href":"https:\/\/ligamercedina.com\/web\/wp-json\/wp\/v2\/posts\/32215","targetHints":{"allow":["GET"]}}],"collection":[{"href":"https:\/\/ligamercedina.com\/web\/wp-json\/wp\/v2\/posts"}],"about":[{"href":"https:\/\/ligamercedina.com\/web\/wp-json\/wp\/v2\/types\/post"}],"author":[{"embeddable":true,"href":"https:\/\/ligamercedina.com\/web\/wp-json\/wp\/v2\/users\/2"}],"replies":[{"embeddable":true,"href":"https:\/\/ligamercedina.com\/web\/wp-json\/wp\/v2\/comments?post=32215"}],"version-history":[{"count":4,"href":"https:\/\/ligamercedina.com\/web\/wp-json\/wp\/v2\/posts\/32215\/revisions"}],"predecessor-version":[{"id":32252,"href":"https:\/\/ligamercedina.com\/web\/wp-json\/wp\/v2\/posts\/32215\/revisions\/32252"}],"wp:attachment":[{"href":"https:\/\/ligamercedina.com\/web\/wp-json\/wp\/v2\/media?parent=32215"}],"wp:term":[{"taxonomy":"category","embeddable":true,"href":"https:\/\/ligamercedina.com\/web\/wp-json\/wp\/v2\/categories?post=32215"},{"taxonomy":"post_tag","embeddable":true,"href":"https:\/\/ligamercedina.com\/web\/wp-json\/wp\/v2\/tags?post=32215"}],"curies":[{"name":"wp","href":"https:\/\/api.w.org\/{rel}","templated":true}]}}