{"id":32188,"date":"2024-03-10T10:40:13","date_gmt":"2024-03-10T13:40:13","guid":{"rendered":"https:\/\/ligamercedina.com\/web\/?p=32188"},"modified":"2024-03-10T22:37:23","modified_gmt":"2024-03-11T01:37:23","slug":"resultados-segunda-fecha-de-reserva","status":"publish","type":"post","link":"https:\/\/ligamercedina.com\/web\/resultados-segunda-fecha-de-reserva\/","title":{"rendered":"Resultados segunda fecha de Reserva"},"content":{"rendered":"<p><strong><span style=\"color: #ff0000;\"><span style=\"color: #000000;\">Segunda fecha<\/span><br \/>\nReserva de Primera<br \/>\n<\/span><\/strong><br \/>\n<strong>Carteros 0.<\/strong><br \/>\n<strong>Juventud 0.<\/strong><\/p>\n<p><strong>Atl\u00e9tico General Rodr\u00edguez 3: <\/strong>Mauricio G\u00f3mez.<strong><br \/>\nDefensores 1:<\/strong> Mat\u00edas Bai.<\/p>\n<p><strong>Estudiantes 1:<\/strong> Agust\u00edn Mallorqu\u00edn.<br \/>\n<strong>Mercedes 4:<\/strong> Matias Bozza, Paulo Gim\u00e9nez 2 y Juan Rosales.<\/p>\n<p><strong>All Haz 1:<\/strong> Lucas Marecos.<br \/>\n<strong>Uni\u00f3n 0<\/strong>.<\/p>\n<p><strong>Trocha 3:<\/strong> Joaqu\u00edn Guzm\u00e1n 2 y Joaqu\u00edn Moyano.<br \/>\n<strong>Quilmes 2:<\/strong> Jerem\u00edas Flores y Luis G\u00f3mez.<\/p>\n<p><strong>El Front\u00f3n 4:<\/strong> Luciano Cofone, Joaqu\u00edn Ferreyra, Augusto Rossi y Tom\u00e1s Zwezig.<br \/>\n<strong>Ateneo 1:<\/strong> Tom\u00e1s Melo.<\/p>\n<p><strong>V\u00e9lez 1:<\/strong> Lautaro Bustos.<br \/>\n<strong>Pabell\u00f3n 3:<\/strong> Mat\u00edas Ben\u00edtez, Tom\u00e1s Momesso y Franco Altube.<br \/>\n<a href=\"https:\/\/ligamercedina.com\/web\/wp-content\/uploads\/2024\/03\/Primera-division-A-Reserva.jpg\"><img loading=\"lazy\" decoding=\"async\" class=\"aligncenter size-full wp-image-32203\" src=\"https:\/\/ligamercedina.com\/web\/wp-content\/uploads\/2024\/03\/Primera-division-A-Reserva.jpg\" alt=\"\" width=\"977\" height=\"604\" srcset=\"https:\/\/ligamercedina.com\/web\/wp-content\/uploads\/2024\/03\/Primera-division-A-Reserva.jpg 977w, https:\/\/ligamercedina.com\/web\/wp-content\/uploads\/2024\/03\/Primera-division-A-Reserva-300x185.jpg 300w, https:\/\/ligamercedina.com\/web\/wp-content\/uploads\/2024\/03\/Primera-division-A-Reserva-768x475.jpg 768w\" sizes=\"auto, (max-width: 977px) 100vw, 977px\" \/><\/a><\/p>\n<p><strong>Pr\u00f3xima fecha<\/strong><br \/>\nJuventud vs. V\u00e9lez.<br \/>\nAtl\u00e9tico General Rodr\u00edguez vs. All Haz.<br \/>\nUni\u00f3n vs. Estudiantes.<br \/>\nQuilmes vs. Carteros.<br \/>\nAteneo vs. Trocha.<br \/>\nDefensores vs. Front\u00f3n.<br \/>\nPabell\u00f3n vs. Mercedes.<\/p>\n<p><span style=\"color: #ff0000;\"><strong>Reserva de Segunda<\/strong><\/span><\/p>\n<p><strong>Gowland 2: <\/strong>Iv\u00e1n Echegaray y Aaron Reta.<br \/>\n<strong>Palometas 4: <\/strong>Felipe Aschero 2 y Valent\u00edn Russi 2.<\/p>\n<p><strong>El Tim\u00f3n 3:<\/strong> Valent\u00edn Lattaro, Andr\u00e9s Parra y Valent\u00edn Souble.<br \/>\n<strong>Jorge Newbery 2:<\/strong>\u00a0 Valentino Oberti 2.<\/p>\n<p><strong>La Tijera 0.<br \/>\nVilla Manchi 4:<\/strong> Tom\u00e1s Alvarez y Ezequiel R\u00edos 3.<\/p>\n<p><strong>Talleres 0.<br \/>\nHolanda 1:<\/strong> Federico Ledesma.<\/p>\n<p><strong>Libre:<\/strong> AMEFIP.<br \/>\n<a href=\"https:\/\/ligamercedina.com\/web\/wp-content\/uploads\/2024\/03\/Segunda-division-A-Reserva.jpg\"><img loading=\"lazy\" decoding=\"async\" class=\"aligncenter size-full wp-image-32204\" src=\"https:\/\/ligamercedina.com\/web\/wp-content\/uploads\/2024\/03\/Segunda-division-A-Reserva.jpg\" alt=\"\" width=\"639\" height=\"272\" srcset=\"https:\/\/ligamercedina.com\/web\/wp-content\/uploads\/2024\/03\/Segunda-division-A-Reserva.jpg 639w, https:\/\/ligamercedina.com\/web\/wp-content\/uploads\/2024\/03\/Segunda-division-A-Reserva-300x128.jpg 300w\" sizes=\"auto, (max-width: 639px) 100vw, 639px\" \/><\/a><\/p>\n<p><strong>Pr\u00f3xima fecha<\/strong><br \/>\nVilla Manchi vs. Palometas.<br \/>\nGowland vs. Holanda.<br \/>\nJorge Newbery vs. Talleres.<br \/>\nAMEFIP vs. La Tijera.<br \/>\n<strong>Libre:<\/strong> El Tim\u00f3n.<\/p>\n","protected":false},"excerpt":{"rendered":"<p>Segunda fecha Reserva de Primera Carteros 0. Juventud 0. Atl\u00e9tico General Rodr\u00edguez 3: Mauricio G\u00f3mez. Defensores 1: Mat\u00edas Bai. Estudiantes 1: Agust\u00edn Mallorqu\u00edn. Mercedes 4: Matias Bozza, Paulo Gim\u00e9nez 2 y Juan Rosales. All Haz 1: Lucas Marecos. Uni\u00f3n 0. Trocha 3: Joaqu\u00edn Guzm\u00e1n 2 y Joaqu\u00edn Moyano. Quilmes 2: Jerem\u00edas Flores y Luis G\u00f3mez. El Front\u00f3n 4: Luciano Cofone,<\/p>\n","protected":false},"author":2,"featured_media":0,"comment_status":"open","ping_status":"open","sticky":false,"template":"","format":"standard","meta":{"footnotes":""},"categories":[4],"tags":[114,123],"class_list":["post-32188","post","type-post","status-publish","format-standard","hentry","category-informaciongeneral","tag-liga-mercedina-de-futbol","tag-reserva"],"_links":{"self":[{"href":"https:\/\/ligamercedina.com\/web\/wp-json\/wp\/v2\/posts\/32188","targetHints":{"allow":["GET"]}}],"collection":[{"href":"https:\/\/ligamercedina.com\/web\/wp-json\/wp\/v2\/posts"}],"about":[{"href":"https:\/\/ligamercedina.com\/web\/wp-json\/wp\/v2\/types\/post"}],"author":[{"embeddable":true,"href":"https:\/\/ligamercedina.com\/web\/wp-json\/wp\/v2\/users\/2"}],"replies":[{"embeddable":true,"href":"https:\/\/ligamercedina.com\/web\/wp-json\/wp\/v2\/comments?post=32188"}],"version-history":[{"count":5,"href":"https:\/\/ligamercedina.com\/web\/wp-json\/wp\/v2\/posts\/32188\/revisions"}],"predecessor-version":[{"id":32205,"href":"https:\/\/ligamercedina.com\/web\/wp-json\/wp\/v2\/posts\/32188\/revisions\/32205"}],"wp:attachment":[{"href":"https:\/\/ligamercedina.com\/web\/wp-json\/wp\/v2\/media?parent=32188"}],"wp:term":[{"taxonomy":"category","embeddable":true,"href":"https:\/\/ligamercedina.com\/web\/wp-json\/wp\/v2\/categories?post=32188"},{"taxonomy":"post_tag","embeddable":true,"href":"https:\/\/ligamercedina.com\/web\/wp-json\/wp\/v2\/tags?post=32188"}],"curies":[{"name":"wp","href":"https:\/\/api.w.org\/{rel}","templated":true}]}}