{"id":32179,"date":"2024-03-10T09:59:11","date_gmt":"2024-03-10T12:59:11","guid":{"rendered":"https:\/\/ligamercedina.com\/web\/?p=32179"},"modified":"2024-03-10T09:59:36","modified_gmt":"2024-03-10T12:59:36","slug":"32179-2","status":"publish","type":"post","link":"https:\/\/ligamercedina.com\/web\/32179-2\/","title":{"rendered":"Minuto de silencio"},"content":{"rendered":"<p>En la jornada del s\u00e1bado 9 antes de comenzar dos de los tres partidos que se disputaron en cancha de la Liga\u00a0 se realiz\u00f3 un minuto de silencio, fue en Holanda vs. Talleres\u00a0 m\u00e1s All Haz vs. Uni\u00f3n. El motivo fue el fallecimiento de Carlos Cardozo, su hijo Facundo estuvo en cancha jugando para Uni\u00f3n. Desde la Liga dejamos nuestro p\u00e9same a la familia y amigos.<br \/>\n<a href=\"https:\/\/ligamercedina.com\/web\/wp-content\/uploads\/2024\/03\/IMG_7746-scaled.jpg\"><img loading=\"lazy\" decoding=\"async\" class=\"aligncenter size-large wp-image-32180\" src=\"https:\/\/ligamercedina.com\/web\/wp-content\/uploads\/2024\/03\/IMG_7746-1024x683.jpg\" alt=\"\" width=\"860\" height=\"574\" srcset=\"https:\/\/ligamercedina.com\/web\/wp-content\/uploads\/2024\/03\/IMG_7746-1024x683.jpg 1024w, https:\/\/ligamercedina.com\/web\/wp-content\/uploads\/2024\/03\/IMG_7746-300x200.jpg 300w, https:\/\/ligamercedina.com\/web\/wp-content\/uploads\/2024\/03\/IMG_7746-768x512.jpg 768w, https:\/\/ligamercedina.com\/web\/wp-content\/uploads\/2024\/03\/IMG_7746-1536x1024.jpg 1536w, https:\/\/ligamercedina.com\/web\/wp-content\/uploads\/2024\/03\/IMG_7746-2048x1365.jpg 2048w\" sizes=\"auto, (max-width: 860px) 100vw, 860px\" \/><\/a><\/p>\n","protected":false},"excerpt":{"rendered":"<p>En la jornada del s\u00e1bado 9 antes de comenzar dos de los tres partidos que se disputaron en cancha de la Liga\u00a0 se realiz\u00f3 un minuto de silencio, fue en Holanda vs. Talleres\u00a0 m\u00e1s All Haz vs. Uni\u00f3n. El motivo fue el fallecimiento de Carlos Cardozo, su hijo Facundo estuvo en cancha jugando para Uni\u00f3n. Desde la Liga dejamos nuestro<\/p>\n","protected":false},"author":2,"featured_media":0,"comment_status":"open","ping_status":"open","sticky":false,"template":"","format":"standard","meta":{"footnotes":""},"categories":[4],"tags":[114],"class_list":["post-32179","post","type-post","status-publish","format-standard","hentry","category-informaciongeneral","tag-liga-mercedina-de-futbol"],"_links":{"self":[{"href":"https:\/\/ligamercedina.com\/web\/wp-json\/wp\/v2\/posts\/32179","targetHints":{"allow":["GET"]}}],"collection":[{"href":"https:\/\/ligamercedina.com\/web\/wp-json\/wp\/v2\/posts"}],"about":[{"href":"https:\/\/ligamercedina.com\/web\/wp-json\/wp\/v2\/types\/post"}],"author":[{"embeddable":true,"href":"https:\/\/ligamercedina.com\/web\/wp-json\/wp\/v2\/users\/2"}],"replies":[{"embeddable":true,"href":"https:\/\/ligamercedina.com\/web\/wp-json\/wp\/v2\/comments?post=32179"}],"version-history":[{"count":2,"href":"https:\/\/ligamercedina.com\/web\/wp-json\/wp\/v2\/posts\/32179\/revisions"}],"predecessor-version":[{"id":32182,"href":"https:\/\/ligamercedina.com\/web\/wp-json\/wp\/v2\/posts\/32179\/revisions\/32182"}],"wp:attachment":[{"href":"https:\/\/ligamercedina.com\/web\/wp-json\/wp\/v2\/media?parent=32179"}],"wp:term":[{"taxonomy":"category","embeddable":true,"href":"https:\/\/ligamercedina.com\/web\/wp-json\/wp\/v2\/categories?post=32179"},{"taxonomy":"post_tag","embeddable":true,"href":"https:\/\/ligamercedina.com\/web\/wp-json\/wp\/v2\/tags?post=32179"}],"curies":[{"name":"wp","href":"https:\/\/api.w.org\/{rel}","templated":true}]}}