{"id":32134,"date":"2024-03-04T13:18:15","date_gmt":"2024-03-04T16:18:15","guid":{"rendered":"https:\/\/ligamercedina.com\/web\/?p=32134"},"modified":"2024-03-05T13:42:31","modified_gmt":"2024-03-05T16:42:31","slug":"primera-segunda-reserva-horarios-para-el-fin-de-semana-3","status":"publish","type":"post","link":"https:\/\/ligamercedina.com\/web\/primera-segunda-reserva-horarios-para-el-fin-de-semana-3\/","title":{"rendered":"PRIMERA &#8211; SEGUNDA &#8211; RESERVA: HORARIOS PARA EL FIN DE SEMANA"},"content":{"rendered":"<h3 style=\"text-align: center;\"><span style=\"color: #ff0000;\"><strong>PRIMERA DIVISION<\/strong><\/span><\/h3>\n<p><em><strong>S\u00e1bado 9 de marzo cancha Liga Mercedina<\/strong><\/em><br \/>\n13:00 hs. Talleres Vs. Holanda<br \/>\n15:00 hs. Dep. Gowland Vs. Palometas<br \/>\n17:00 hs. All Haz Vs. Uni\u00f3n<\/p>\n<p><em><strong>S\u00e1bado 9 de marzo, cancha Atl\u00e9tico General Rodr\u00edguez<\/strong><\/em><br \/>\n13:00 hs. Atl\u00e9tico Gral. Rodr\u00edguez Vs. Defensores<\/p>\n<p><em><strong>S\u00e1bado 9 de marzo, cancha V\u00e9lez<\/strong><\/em><br \/>\n14:30 hs. V\u00e9lez Sarsfield Vs. Pabell\u00f3n Argentino<\/p>\n<p><em><strong>S\u00e1bado 9 de marzo, cancha El Tim\u00f3n<\/strong><\/em><br \/>\n16:00 hs. El Tim\u00f3n Vs. Jorge Newbery<\/p>\n<p><em><strong>S\u00e1bado 9 de marzo, cancha El Front\u00f3n<\/strong><\/em><br \/>\n17:00 hs. El Front\u00f3n Vs. Ateneo<br \/>\n\u2022 SIN PUBLICO VISITANTE<\/p>\n<p><em><strong>S\u00e1bado 9 de marzo, cancha La Tijera<\/strong><\/em><br \/>\n18:00 hs. La Tijera Vs. Villa Manchi<\/p>\n<p><em><strong>Domingo 10 de marzo, cancha Liga Mercedina<\/strong><\/em><br \/>\n14:00 hs. Trocha Vs. Quilmes<br \/>\n16:00 hs. Carteros Vs. Juventud<\/p>\n<p><em><strong>Domingo 10 de marzo, cancha Estudiantes<\/strong><\/em><br \/>\n14:30 hs. Estudiantes Vs. Mercedes<\/p>\n<p>&nbsp;<\/p>\n<h3 style=\"text-align: center;\"><span style=\"color: #ff0000;\"><strong>RESERVA<\/strong><\/span><\/h3>\n<p>&nbsp;<\/p>\n<p><em><strong>S\u00e1bado 9 de marzo, cancha Quilmes<\/strong><\/em><br \/>\n14:00 hs. All Haz Vs. Uni\u00f3n<br \/>\n16:00 hs. Talleres Vs. Holanda<\/p>\n<p><em><strong>S\u00e1bado 9 de marzo, cancha El Tim\u00f3n<\/strong><\/em><br \/>\n14:00 hs. El Tim\u00f3n Vs. Jorge Newbery<\/p>\n<p><em><strong>S\u00e1bado 9 de marzo, cancha Atl\u00e9tico General Rodr\u00edguez<\/strong><\/em><br \/>\n15:00 hs. Atl\u00e9tico Gral. Rodr\u00edguez Vs. Defensores<\/p>\n<p><em><strong>S\u00e1bado 9 de marzo, cancha El Front\u00f3n<\/strong><\/em><br \/>\n15:00 hs. El Front\u00f3n Vs. Ateneo<br \/>\n\u2022 SIN PUBLICO VISITANTE<\/p>\n<p><em><strong>S\u00e1bado 9 de marzo, cancha Carteros<\/strong><\/em><br \/>\n15:45 hs. Carteros Vs. Juventud<br \/>\n17:45 hs. Dep. Gowland Vs. Palometas<br \/>\n&nbsp;<\/p>\n<p><em><strong>S\u00e1bado 9 de marzo, cancha La Tijera<\/strong><\/em><br \/>\n16:00 hs. La Tijera Vs. Villa Manchi<\/p>\n<p><em><strong>S\u00e1bado 9 de marzo, cancha V\u00e9lez<\/strong><\/em><br \/>\n16:30 hs. V\u00e9lez Sarsfield Vs. Pabell\u00f3n Argentino<\/p>\n<p><em><strong>S\u00e1bado 9 de marzo, cancha Trocha<\/strong><\/em><br \/>\n18:00 hs. Trocha Vs. Quilmes<\/p>\n<p><em><strong>Domingo 10 de marzo, cancha Estudiantes<\/strong><\/em><br \/>\n16:30 hs. Estudiantes Vs. Mercedes<\/p>\n","protected":false},"excerpt":{"rendered":"<p>PRIMERA DIVISION S\u00e1bado 9 de marzo cancha Liga Mercedina 13:00 hs. Talleres Vs. Holanda 15:00 hs. Dep. Gowland Vs. Palometas 17:00 hs. All Haz Vs. Uni\u00f3n S\u00e1bado 9 de marzo, cancha Atl\u00e9tico General Rodr\u00edguez 13:00 hs. Atl\u00e9tico Gral. Rodr\u00edguez Vs. Defensores S\u00e1bado 9 de marzo, cancha V\u00e9lez 14:30 hs. V\u00e9lez Sarsfield Vs. Pabell\u00f3n Argentino S\u00e1bado 9 de marzo, cancha El<\/p>\n","protected":false},"author":2,"featured_media":0,"comment_status":"open","ping_status":"open","sticky":false,"template":"","format":"standard","meta":{"footnotes":""},"categories":[4],"tags":[],"class_list":["post-32134","post","type-post","status-publish","format-standard","hentry","category-informaciongeneral"],"_links":{"self":[{"href":"https:\/\/ligamercedina.com\/web\/wp-json\/wp\/v2\/posts\/32134","targetHints":{"allow":["GET"]}}],"collection":[{"href":"https:\/\/ligamercedina.com\/web\/wp-json\/wp\/v2\/posts"}],"about":[{"href":"https:\/\/ligamercedina.com\/web\/wp-json\/wp\/v2\/types\/post"}],"author":[{"embeddable":true,"href":"https:\/\/ligamercedina.com\/web\/wp-json\/wp\/v2\/users\/2"}],"replies":[{"embeddable":true,"href":"https:\/\/ligamercedina.com\/web\/wp-json\/wp\/v2\/comments?post=32134"}],"version-history":[{"count":10,"href":"https:\/\/ligamercedina.com\/web\/wp-json\/wp\/v2\/posts\/32134\/revisions"}],"predecessor-version":[{"id":32145,"href":"https:\/\/ligamercedina.com\/web\/wp-json\/wp\/v2\/posts\/32134\/revisions\/32145"}],"wp:attachment":[{"href":"https:\/\/ligamercedina.com\/web\/wp-json\/wp\/v2\/media?parent=32134"}],"wp:term":[{"taxonomy":"category","embeddable":true,"href":"https:\/\/ligamercedina.com\/web\/wp-json\/wp\/v2\/categories?post=32134"},{"taxonomy":"post_tag","embeddable":true,"href":"https:\/\/ligamercedina.com\/web\/wp-json\/wp\/v2\/tags?post=32134"}],"curies":[{"name":"wp","href":"https:\/\/api.w.org\/{rel}","templated":true}]}}