{"id":31979,"date":"2024-02-21T00:17:03","date_gmt":"2024-02-21T03:17:03","guid":{"rendered":"https:\/\/ligamercedina.com\/web\/?p=31979"},"modified":"2024-02-21T13:20:28","modified_gmt":"2024-02-21T16:20:28","slug":"resultados-del-martes-en-al-2012","status":"publish","type":"post","link":"https:\/\/ligamercedina.com\/web\/resultados-del-martes-en-al-2012\/","title":{"rendered":"Resultados del martes en la 2012"},"content":{"rendered":"<div id=\"attachment_31980\" style=\"width: 1010px\" class=\"wp-caption aligncenter\"><a href=\"https:\/\/ligamercedina.com\/web\/wp-content\/uploads\/2024\/02\/IMG_6542.jpg\"><img loading=\"lazy\" decoding=\"async\" aria-describedby=\"caption-attachment-31980\" class=\"wp-image-31980 size-full\" src=\"https:\/\/ligamercedina.com\/web\/wp-content\/uploads\/2024\/02\/IMG_6542.jpg\" alt=\"\" width=\"1000\" height=\"667\" srcset=\"https:\/\/ligamercedina.com\/web\/wp-content\/uploads\/2024\/02\/IMG_6542.jpg 1000w, https:\/\/ligamercedina.com\/web\/wp-content\/uploads\/2024\/02\/IMG_6542-300x200.jpg 300w, https:\/\/ligamercedina.com\/web\/wp-content\/uploads\/2024\/02\/IMG_6542-768x512.jpg 768w\" sizes=\"auto, (max-width: 1000px) 100vw, 1000px\" \/><\/a><p id=\"caption-attachment-31980\" class=\"wp-caption-text\">Palometas a la cancha.<\/p><\/div>\n<p>Durante el martes 20 de febrero se jug\u00f3 una fecha m\u00e1s de la categor\u00eda 2012, este mi\u00e9rcoles 21 no habr\u00e1 jornada para reanudarse todo el jueves 23 y viernes 23.<\/p>\n<p><strong>Holanda 0<\/strong>.<br \/>\n<strong>Palometas 6:<\/strong> Felipe Alonso, Agust\u00edn Pozzi 2, Lorenzo Gonz\u00e1lez y Bautista Balbi 2.<\/p>\n<p><strong>Ateneo 0.<br \/>\nEstudiantes 3:<\/strong> Constantino Pereyra, Ceferino Yafar y Felipe Dangelo.<\/p>\n<p><strong>Defensores 0<\/strong>.<br \/>\n<strong>Carteros 4:<\/strong> Ian Paj\u00f3n 2, Agust\u00edn Cabrera y Darian Chaparro.<br \/>\n<a href=\"https:\/\/ligamercedina.com\/web\/wp-content\/uploads\/2024\/02\/2012-1.jpg\"><img loading=\"lazy\" decoding=\"async\" class=\"aligncenter size-full wp-image-31981\" src=\"https:\/\/ligamercedina.com\/web\/wp-content\/uploads\/2024\/02\/2012-1.jpg\" alt=\"\" width=\"640\" height=\"585\" srcset=\"https:\/\/ligamercedina.com\/web\/wp-content\/uploads\/2024\/02\/2012-1.jpg 640w, https:\/\/ligamercedina.com\/web\/wp-content\/uploads\/2024\/02\/2012-1-300x274.jpg 300w\" sizes=\"auto, (max-width: 640px) 100vw, 640px\" \/><\/a><br \/>\n<strong>Jueves 22 de febrero<\/strong><br \/>\nA las 19.30 Palometas vs. Quilmes.<br \/>\nA las 20.30 Holanda vs. Juventud.<br \/>\nA las 21.30 Carteros vs. Estudiantes.<\/p>\n<p><strong>Viernes 23 de febrero<\/strong><br \/>\nA las 19.30 Defensores vs. Ateneo.<br \/>\nA las 20.30 V\u00e9lez vs. Mercedes.<br \/>\nA las 21.30 Uni\u00f3n vs. Trocha.<\/p>\n","protected":false},"excerpt":{"rendered":"<p>Durante el martes 20 de febrero se jug\u00f3 una fecha m\u00e1s de la categor\u00eda 2012, este mi\u00e9rcoles 21 no habr\u00e1 jornada para reanudarse todo el jueves 23 y viernes 23. Holanda 0. Palometas 6: Felipe Alonso, Agust\u00edn Pozzi 2, Lorenzo Gonz\u00e1lez y Bautista Balbi 2. Ateneo 0. Estudiantes 3: Constantino Pereyra, Ceferino Yafar y Felipe Dangelo. Defensores 0. Carteros 4:<\/p>\n","protected":false},"author":2,"featured_media":0,"comment_status":"open","ping_status":"open","sticky":false,"template":"","format":"standard","meta":{"footnotes":""},"categories":[4],"tags":[118,114],"class_list":["post-31979","post","type-post","status-publish","format-standard","hentry","category-informaciongeneral","tag-categoria-2012","tag-liga-mercedina-de-futbol"],"_links":{"self":[{"href":"https:\/\/ligamercedina.com\/web\/wp-json\/wp\/v2\/posts\/31979","targetHints":{"allow":["GET"]}}],"collection":[{"href":"https:\/\/ligamercedina.com\/web\/wp-json\/wp\/v2\/posts"}],"about":[{"href":"https:\/\/ligamercedina.com\/web\/wp-json\/wp\/v2\/types\/post"}],"author":[{"embeddable":true,"href":"https:\/\/ligamercedina.com\/web\/wp-json\/wp\/v2\/users\/2"}],"replies":[{"embeddable":true,"href":"https:\/\/ligamercedina.com\/web\/wp-json\/wp\/v2\/comments?post=31979"}],"version-history":[{"count":2,"href":"https:\/\/ligamercedina.com\/web\/wp-json\/wp\/v2\/posts\/31979\/revisions"}],"predecessor-version":[{"id":31983,"href":"https:\/\/ligamercedina.com\/web\/wp-json\/wp\/v2\/posts\/31979\/revisions\/31983"}],"wp:attachment":[{"href":"https:\/\/ligamercedina.com\/web\/wp-json\/wp\/v2\/media?parent=31979"}],"wp:term":[{"taxonomy":"category","embeddable":true,"href":"https:\/\/ligamercedina.com\/web\/wp-json\/wp\/v2\/categories?post=31979"},{"taxonomy":"post_tag","embeddable":true,"href":"https:\/\/ligamercedina.com\/web\/wp-json\/wp\/v2\/tags?post=31979"}],"curies":[{"name":"wp","href":"https:\/\/api.w.org\/{rel}","templated":true}]}}