{"id":31969,"date":"2024-02-19T23:53:18","date_gmt":"2024-02-20T02:53:18","guid":{"rendered":"https:\/\/ligamercedina.com\/web\/?p=31969"},"modified":"2024-02-20T09:36:38","modified_gmt":"2024-02-20T12:36:38","slug":"resultados-del-lunes-para-la-2012","status":"publish","type":"post","link":"https:\/\/ligamercedina.com\/web\/resultados-del-lunes-para-la-2012\/","title":{"rendered":"Resultados del lunes para la 2012"},"content":{"rendered":"<p><a href=\"https:\/\/ligamercedina.com\/web\/wp-content\/uploads\/2024\/02\/IMG_6008.jpg\"><img loading=\"lazy\" decoding=\"async\" class=\"aligncenter size-full wp-image-31970\" src=\"https:\/\/ligamercedina.com\/web\/wp-content\/uploads\/2024\/02\/IMG_6008.jpg\" alt=\"\" width=\"640\" height=\"427\" srcset=\"https:\/\/ligamercedina.com\/web\/wp-content\/uploads\/2024\/02\/IMG_6008.jpg 640w, https:\/\/ligamercedina.com\/web\/wp-content\/uploads\/2024\/02\/IMG_6008-300x200.jpg 300w\" sizes=\"auto, (max-width: 640px) 100vw, 640px\" \/><\/a>Este lunes 19 se jug\u00f3 en cancha de la Liga Mercedina de F\u00fatbol una nueva fecha de la Torneo de Verano para la categor\u00eda 2012, a continuaci\u00f3n los resultados y lo que vendr\u00e1 en los pr\u00f3ximos d\u00edas.<\/p>\n<p><strong>V\u00e9lez 6:<\/strong> Ezequiel Aguirre, Aaron Funes, Bautista Dorado 2, Felipe Gares y Ciro Castro.<br \/>\n<strong>Trocha 0<\/strong>.<\/p>\n<p><strong>Uni\u00f3n 1:<\/strong> Alexis Duarte.<br \/>\n<strong>Club Mercedes 3:<\/strong> Bruno Giacoy y Vicente Aschero 2.<\/p>\n<p><strong>Juventud 4: <\/strong>Santiago Lasala, Lisandro Toledo y Emanuel Quiroz 2.<br \/>\n<strong>Quilmes 2: <\/strong>Ciro Lecouna y Santiago Romaniega.<br \/>\n<a href=\"https:\/\/ligamercedina.com\/web\/wp-content\/uploads\/2024\/02\/2012.jpg\"><img loading=\"lazy\" decoding=\"async\" class=\"aligncenter size-full wp-image-31971\" src=\"https:\/\/ligamercedina.com\/web\/wp-content\/uploads\/2024\/02\/2012.jpg\" alt=\"\" width=\"956\" height=\"861\" srcset=\"https:\/\/ligamercedina.com\/web\/wp-content\/uploads\/2024\/02\/2012.jpg 956w, https:\/\/ligamercedina.com\/web\/wp-content\/uploads\/2024\/02\/2012-300x270.jpg 300w, https:\/\/ligamercedina.com\/web\/wp-content\/uploads\/2024\/02\/2012-768x692.jpg 768w\" sizes=\"auto, (max-width: 956px) 100vw, 956px\" \/><\/a><\/p>\n<p><strong>-Martes 20 de febrero-<\/strong><br \/>\n19:30 hs. Holanda Vs. Palometas.<br \/>\n20:30 hs. Ateneo Vs. Estudiantes.<br \/>\n21:30 hs.\u00a0 Defensores Vs. Carteros.<\/p>\n<p><strong>-Jueves 22 de febrero-<\/strong><br \/>\n19:30 hs.\u00a0 Palometas Vs. Quilmes.<br \/>\n20:30 hs. Holanda Vs. Juventud.<br \/>\n21:30 hs. Carteros Vs. Estudiantes.<\/p>\n<p><strong>-Viernes 23 de febrero-<\/strong><br \/>\n19:30 hs. Defensores Vs. Ateneo.<br \/>\n20:30 hs. V\u00e9lez Vs. Mercedes.<br \/>\n21:30 hs. Uni\u00f3n Vs. Trocha.<\/p>\n","protected":false},"excerpt":{"rendered":"<p>Este lunes 19 se jug\u00f3 en cancha de la Liga Mercedina de F\u00fatbol una nueva fecha de la Torneo de Verano para la categor\u00eda 2012, a continuaci\u00f3n los resultados y lo que vendr\u00e1 en los pr\u00f3ximos d\u00edas. V\u00e9lez 6: Ezequiel Aguirre, Aaron Funes, Bautista Dorado 2, Felipe Gares y Ciro Castro. Trocha 0. Uni\u00f3n 1: Alexis Duarte. Club Mercedes 3:<\/p>\n","protected":false},"author":2,"featured_media":0,"comment_status":"open","ping_status":"open","sticky":false,"template":"","format":"standard","meta":{"footnotes":""},"categories":[4],"tags":[118,114],"class_list":["post-31969","post","type-post","status-publish","format-standard","hentry","category-informaciongeneral","tag-categoria-2012","tag-liga-mercedina-de-futbol"],"_links":{"self":[{"href":"https:\/\/ligamercedina.com\/web\/wp-json\/wp\/v2\/posts\/31969","targetHints":{"allow":["GET"]}}],"collection":[{"href":"https:\/\/ligamercedina.com\/web\/wp-json\/wp\/v2\/posts"}],"about":[{"href":"https:\/\/ligamercedina.com\/web\/wp-json\/wp\/v2\/types\/post"}],"author":[{"embeddable":true,"href":"https:\/\/ligamercedina.com\/web\/wp-json\/wp\/v2\/users\/2"}],"replies":[{"embeddable":true,"href":"https:\/\/ligamercedina.com\/web\/wp-json\/wp\/v2\/comments?post=31969"}],"version-history":[{"count":3,"href":"https:\/\/ligamercedina.com\/web\/wp-json\/wp\/v2\/posts\/31969\/revisions"}],"predecessor-version":[{"id":31974,"href":"https:\/\/ligamercedina.com\/web\/wp-json\/wp\/v2\/posts\/31969\/revisions\/31974"}],"wp:attachment":[{"href":"https:\/\/ligamercedina.com\/web\/wp-json\/wp\/v2\/media?parent=31969"}],"wp:term":[{"taxonomy":"category","embeddable":true,"href":"https:\/\/ligamercedina.com\/web\/wp-json\/wp\/v2\/categories?post=31969"},{"taxonomy":"post_tag","embeddable":true,"href":"https:\/\/ligamercedina.com\/web\/wp-json\/wp\/v2\/tags?post=31969"}],"curies":[{"name":"wp","href":"https:\/\/api.w.org\/{rel}","templated":true}]}}