{"id":3185,"date":"2010-03-21T17:34:36","date_gmt":"2010-03-21T20:34:36","guid":{"rendered":"https:\/\/ligamercedina.com\/?p=3185"},"modified":"2010-03-21T17:34:36","modified_gmt":"2010-03-21T20:34:36","slug":"copa-de-la-federacion-semifinales-de-ida","status":"publish","type":"post","link":"https:\/\/ligamercedina.com\/web\/copa-de-la-federacion-semifinales-de-ida\/","title":{"rendered":"COPA DE LA FEDERACION: SEMIFINALES DE IDA"},"content":{"rendered":"<p><strong>SARMIENTO DE ZARATE: -0-<br \/>\nBARRACAS DE COLON: -0-<\/strong><\/p>\n<p><strong>RIVADAVIA DE BARADERO: -2-;<\/strong> Mart\u00edn R\u00edos (2)<br \/>\n<strong>HURACAN DE ARRIBE\u00d1OS: -0-<\/strong><\/p>\n<p><em><strong>Los partidos de vuelta se juegan el mi\u00e9rcoles<\/strong><\/em><\/p>\n","protected":false},"excerpt":{"rendered":"<p>SARMIENTO DE ZARATE: -0- BARRACAS DE COLON: -0- RIVADAVIA DE BARADERO: -2-; Mart\u00edn R\u00edos (2) HURACAN DE ARRIBE\u00d1OS: -0- Los partidos de vuelta se juegan el mi\u00e9rcoles<\/p>\n","protected":false},"author":1,"featured_media":0,"comment_status":"open","ping_status":"open","sticky":false,"template":"","format":"standard","meta":{"footnotes":""},"categories":[4],"tags":[],"class_list":["post-3185","post","type-post","status-publish","format-standard","hentry","category-informaciongeneral"],"_links":{"self":[{"href":"https:\/\/ligamercedina.com\/web\/wp-json\/wp\/v2\/posts\/3185","targetHints":{"allow":["GET"]}}],"collection":[{"href":"https:\/\/ligamercedina.com\/web\/wp-json\/wp\/v2\/posts"}],"about":[{"href":"https:\/\/ligamercedina.com\/web\/wp-json\/wp\/v2\/types\/post"}],"author":[{"embeddable":true,"href":"https:\/\/ligamercedina.com\/web\/wp-json\/wp\/v2\/users\/1"}],"replies":[{"embeddable":true,"href":"https:\/\/ligamercedina.com\/web\/wp-json\/wp\/v2\/comments?post=3185"}],"version-history":[{"count":4,"href":"https:\/\/ligamercedina.com\/web\/wp-json\/wp\/v2\/posts\/3185\/revisions"}],"predecessor-version":[{"id":3188,"href":"https:\/\/ligamercedina.com\/web\/wp-json\/wp\/v2\/posts\/3185\/revisions\/3188"}],"wp:attachment":[{"href":"https:\/\/ligamercedina.com\/web\/wp-json\/wp\/v2\/media?parent=3185"}],"wp:term":[{"taxonomy":"category","embeddable":true,"href":"https:\/\/ligamercedina.com\/web\/wp-json\/wp\/v2\/categories?post=3185"},{"taxonomy":"post_tag","embeddable":true,"href":"https:\/\/ligamercedina.com\/web\/wp-json\/wp\/v2\/tags?post=3185"}],"curies":[{"name":"wp","href":"https:\/\/api.w.org\/{rel}","templated":true}]}}