{"id":31841,"date":"2023-12-13T14:17:29","date_gmt":"2023-12-13T17:17:29","guid":{"rendered":"https:\/\/ligamercedina.com\/web\/?p=31841"},"modified":"2023-12-13T14:17:29","modified_gmt":"2023-12-13T17:17:29","slug":"femenino-horarios-de-finales","status":"publish","type":"post","link":"https:\/\/ligamercedina.com\/web\/femenino-horarios-de-finales\/","title":{"rendered":"FEMENINO: HORARIOS DE FINALES"},"content":{"rendered":"<p><em><strong>Mi\u00e9rcoles 13 de diciembre, cancha Estudiantes<\/strong><\/em><br \/>\n16:30 hs. -SUB 14- Estudiantes Vs. Mercedes<\/p>\n<p><em><strong>S\u00e1bado 16 de diciembre, cancha El Front\u00f3n<\/strong><\/em><br \/>\n17:30 hs. -SUB 12- El Front\u00f3n Vs. Defensores<br \/>\n18:30 hs. -SUB 16- El Front\u00f3n Vs. Flandria<br \/>\n19:30 hs. -1a- El Front\u00f3n Vs. Flandria<\/p>\n","protected":false},"excerpt":{"rendered":"<p>Mi\u00e9rcoles 13 de diciembre, cancha Estudiantes 16:30 hs. -SUB 14- Estudiantes Vs. Mercedes S\u00e1bado 16 de diciembre, cancha El Front\u00f3n 17:30 hs. -SUB 12- El Front\u00f3n Vs. Defensores 18:30 hs. -SUB 16- El Front\u00f3n Vs. Flandria 19:30 hs. -1a- El Front\u00f3n Vs. Flandria<\/p>\n","protected":false},"author":2,"featured_media":0,"comment_status":"open","ping_status":"open","sticky":false,"template":"","format":"standard","meta":{"footnotes":""},"categories":[4],"tags":[],"class_list":["post-31841","post","type-post","status-publish","format-standard","hentry","category-informaciongeneral"],"_links":{"self":[{"href":"https:\/\/ligamercedina.com\/web\/wp-json\/wp\/v2\/posts\/31841","targetHints":{"allow":["GET"]}}],"collection":[{"href":"https:\/\/ligamercedina.com\/web\/wp-json\/wp\/v2\/posts"}],"about":[{"href":"https:\/\/ligamercedina.com\/web\/wp-json\/wp\/v2\/types\/post"}],"author":[{"embeddable":true,"href":"https:\/\/ligamercedina.com\/web\/wp-json\/wp\/v2\/users\/2"}],"replies":[{"embeddable":true,"href":"https:\/\/ligamercedina.com\/web\/wp-json\/wp\/v2\/comments?post=31841"}],"version-history":[{"count":1,"href":"https:\/\/ligamercedina.com\/web\/wp-json\/wp\/v2\/posts\/31841\/revisions"}],"predecessor-version":[{"id":31842,"href":"https:\/\/ligamercedina.com\/web\/wp-json\/wp\/v2\/posts\/31841\/revisions\/31842"}],"wp:attachment":[{"href":"https:\/\/ligamercedina.com\/web\/wp-json\/wp\/v2\/media?parent=31841"}],"wp:term":[{"taxonomy":"category","embeddable":true,"href":"https:\/\/ligamercedina.com\/web\/wp-json\/wp\/v2\/categories?post=31841"},{"taxonomy":"post_tag","embeddable":true,"href":"https:\/\/ligamercedina.com\/web\/wp-json\/wp\/v2\/tags?post=31841"}],"curies":[{"name":"wp","href":"https:\/\/api.w.org\/{rel}","templated":true}]}}