{"id":31823,"date":"2023-12-12T10:42:48","date_gmt":"2023-12-12T13:42:48","guid":{"rendered":"https:\/\/ligamercedina.com\/web\/?p=31823"},"modified":"2023-12-12T10:42:48","modified_gmt":"2023-12-12T13:42:48","slug":"convocatoria-a-asamblea-ordinaria-2","status":"publish","type":"post","link":"https:\/\/ligamercedina.com\/web\/convocatoria-a-asamblea-ordinaria-2\/","title":{"rendered":"CONVOCATORIA A ASAMBLEA ORDINARIA:"},"content":{"rendered":"<p>CONVOCATORIA A ASAMBLEA ORDINARIA<br \/>\nSe convoca a Asamblea Ordinaria para el d\u00eda 27 de diciembre de 2023, a las 20:30 horas, en la Secretaria de la Liga Mercedina de F\u00fatbol, a los efectos de tratar el siguiente,<\/p>\n<p>ORDEN DEL DIA<br \/>\n1) Lectura y consideraci\u00f3n del Acta de la Asamblea Ordinaria anterior.<br \/>\n2) Consideraci\u00f3n de la Memoria y Balance del Ejercicio fenecido<br \/>\n3) Informe de los Revisores de Cuenta Titulares.<br \/>\n4) Renovaci\u00f3n de autoridad<br \/>\n5) Designaci\u00f3n de dos (2) Asamble\u00edstas para refrendar el Acta.<br \/>\n6) Clausura.-<\/p>\n<p>Daniel Figueredo (Secretario) \u2013 Esteban Marcelo (Presidente)<\/p>\n<p>DE LOS ESTATUTOS:<br \/>\nLas Asambleas se realizaran de acuerdo a lo establecido en los Art. 45\u00b0 y 46\u00b0 respectivamente del Estatuto en vigencia.-<\/p>\n","protected":false},"excerpt":{"rendered":"<p>CONVOCATORIA A ASAMBLEA ORDINARIA Se convoca a Asamblea Ordinaria para el d\u00eda 27 de diciembre de 2023, a las 20:30 horas, en la Secretaria de la Liga Mercedina de F\u00fatbol, a los efectos de tratar el siguiente, ORDEN DEL DIA 1) Lectura y consideraci\u00f3n del Acta de la Asamblea Ordinaria anterior. 2) Consideraci\u00f3n de la Memoria y Balance del Ejercicio<\/p>\n","protected":false},"author":2,"featured_media":0,"comment_status":"open","ping_status":"open","sticky":false,"template":"","format":"standard","meta":{"footnotes":""},"categories":[4],"tags":[],"class_list":["post-31823","post","type-post","status-publish","format-standard","hentry","category-informaciongeneral"],"_links":{"self":[{"href":"https:\/\/ligamercedina.com\/web\/wp-json\/wp\/v2\/posts\/31823","targetHints":{"allow":["GET"]}}],"collection":[{"href":"https:\/\/ligamercedina.com\/web\/wp-json\/wp\/v2\/posts"}],"about":[{"href":"https:\/\/ligamercedina.com\/web\/wp-json\/wp\/v2\/types\/post"}],"author":[{"embeddable":true,"href":"https:\/\/ligamercedina.com\/web\/wp-json\/wp\/v2\/users\/2"}],"replies":[{"embeddable":true,"href":"https:\/\/ligamercedina.com\/web\/wp-json\/wp\/v2\/comments?post=31823"}],"version-history":[{"count":1,"href":"https:\/\/ligamercedina.com\/web\/wp-json\/wp\/v2\/posts\/31823\/revisions"}],"predecessor-version":[{"id":31824,"href":"https:\/\/ligamercedina.com\/web\/wp-json\/wp\/v2\/posts\/31823\/revisions\/31824"}],"wp:attachment":[{"href":"https:\/\/ligamercedina.com\/web\/wp-json\/wp\/v2\/media?parent=31823"}],"wp:term":[{"taxonomy":"category","embeddable":true,"href":"https:\/\/ligamercedina.com\/web\/wp-json\/wp\/v2\/categories?post=31823"},{"taxonomy":"post_tag","embeddable":true,"href":"https:\/\/ligamercedina.com\/web\/wp-json\/wp\/v2\/tags?post=31823"}],"curies":[{"name":"wp","href":"https:\/\/api.w.org\/{rel}","templated":true}]}}