{"id":318,"date":"2007-12-14T11:06:26","date_gmt":"2007-12-14T14:06:26","guid":{"rendered":"https:\/\/ligamercedina.com\/?p=318"},"modified":"2007-12-14T11:06:26","modified_gmt":"2007-12-14T14:06:26","slug":"torneo-del-interior-el-consejo-federal-confirmo-que-recien-el-martes-se-daran-a-conocer-las-zonas","status":"publish","type":"post","link":"https:\/\/ligamercedina.com\/web\/torneo-del-interior-el-consejo-federal-confirmo-que-recien-el-martes-se-daran-a-conocer-las-zonas\/","title":{"rendered":"TORNEO DEL INTERIOR: EL CONSEJO FEDERAL CONFIRMO QUE RECIEN EL MARTES SE DARAN A CONOCER LAS ZONAS"},"content":{"rendered":"<p><strong>El Consejo Federal de la Asociaci\u00f3n del F\u00fatbol Argentino inform\u00f3 en la ma\u00f1ana de este viernes, que reci\u00e9n el pr\u00f3ximo martes 18 ser\u00e1 dado a conocer el programa de partidos y confecci\u00f3n de zonas con relaci\u00f3n a la pr\u00f3xima edici\u00f3n del Torneo del Interior.<\/p>\n<p>Fuente: Ascenso del Interior<\/strong><\/p>\n","protected":false},"excerpt":{"rendered":"<p>El Consejo Federal de la Asociaci\u00f3n del F\u00fatbol Argentino inform\u00f3 en la ma\u00f1ana de este viernes, que reci\u00e9n el pr\u00f3ximo martes 18 ser\u00e1 dado a conocer el programa de partidos y confecci\u00f3n de zonas con relaci\u00f3n a la pr\u00f3xima edici\u00f3n del Torneo del Interior. Fuente: Ascenso del Interior<\/p>\n","protected":false},"author":1,"featured_media":0,"comment_status":"open","ping_status":"open","sticky":false,"template":"","format":"standard","meta":{"footnotes":""},"categories":[4],"tags":[],"class_list":["post-318","post","type-post","status-publish","format-standard","hentry","category-informaciongeneral"],"_links":{"self":[{"href":"https:\/\/ligamercedina.com\/web\/wp-json\/wp\/v2\/posts\/318","targetHints":{"allow":["GET"]}}],"collection":[{"href":"https:\/\/ligamercedina.com\/web\/wp-json\/wp\/v2\/posts"}],"about":[{"href":"https:\/\/ligamercedina.com\/web\/wp-json\/wp\/v2\/types\/post"}],"author":[{"embeddable":true,"href":"https:\/\/ligamercedina.com\/web\/wp-json\/wp\/v2\/users\/1"}],"replies":[{"embeddable":true,"href":"https:\/\/ligamercedina.com\/web\/wp-json\/wp\/v2\/comments?post=318"}],"version-history":[{"count":0,"href":"https:\/\/ligamercedina.com\/web\/wp-json\/wp\/v2\/posts\/318\/revisions"}],"wp:attachment":[{"href":"https:\/\/ligamercedina.com\/web\/wp-json\/wp\/v2\/media?parent=318"}],"wp:term":[{"taxonomy":"category","embeddable":true,"href":"https:\/\/ligamercedina.com\/web\/wp-json\/wp\/v2\/categories?post=318"},{"taxonomy":"post_tag","embeddable":true,"href":"https:\/\/ligamercedina.com\/web\/wp-json\/wp\/v2\/tags?post=318"}],"curies":[{"name":"wp","href":"https:\/\/api.w.org\/{rel}","templated":true}]}}