{"id":31789,"date":"2023-12-07T10:14:01","date_gmt":"2023-12-07T13:14:01","guid":{"rendered":"https:\/\/ligamercedina.com\/web\/?p=31789"},"modified":"2023-12-07T10:14:01","modified_gmt":"2023-12-07T13:14:01","slug":"reserva-horario-en-segunda-y-modificacion-en-primera","status":"publish","type":"post","link":"https:\/\/ligamercedina.com\/web\/reserva-horario-en-segunda-y-modificacion-en-primera\/","title":{"rendered":"RESERVA: HORARIO EN SEGUNDA Y MODIFICACION EN PRIMERA"},"content":{"rendered":"<p>* Se informa que el partido de Reserva entre Mercedes &#8211; Quilmes se adelanta en 30 minutos con respecto a la programaci\u00f3n inicial. Por lo tanto, se confirma la hora 19 para el comienzo de dicho partido<\/p>\n<p><strong>SEGUNDA DIVISION RESERVA<\/strong><br \/>\n<em><strong>S\u00e1bado 9 de diciembre, cancha Liga Mercedina<\/strong><\/em><br \/>\n19:45 hs. Holanda Vs. Atl\u00e9tico General Rodr\u00edguez<\/p>\n","protected":false},"excerpt":{"rendered":"<p>* Se informa que el partido de Reserva entre Mercedes &#8211; Quilmes se adelanta en 30 minutos con respecto a la programaci\u00f3n inicial. Por lo tanto, se confirma la hora 19 para el comienzo de dicho partido SEGUNDA DIVISION RESERVA S\u00e1bado 9 de diciembre, cancha Liga Mercedina 19:45 hs. Holanda Vs. Atl\u00e9tico General Rodr\u00edguez<\/p>\n","protected":false},"author":2,"featured_media":0,"comment_status":"open","ping_status":"open","sticky":false,"template":"","format":"standard","meta":{"footnotes":""},"categories":[4],"tags":[],"class_list":["post-31789","post","type-post","status-publish","format-standard","hentry","category-informaciongeneral"],"_links":{"self":[{"href":"https:\/\/ligamercedina.com\/web\/wp-json\/wp\/v2\/posts\/31789","targetHints":{"allow":["GET"]}}],"collection":[{"href":"https:\/\/ligamercedina.com\/web\/wp-json\/wp\/v2\/posts"}],"about":[{"href":"https:\/\/ligamercedina.com\/web\/wp-json\/wp\/v2\/types\/post"}],"author":[{"embeddable":true,"href":"https:\/\/ligamercedina.com\/web\/wp-json\/wp\/v2\/users\/2"}],"replies":[{"embeddable":true,"href":"https:\/\/ligamercedina.com\/web\/wp-json\/wp\/v2\/comments?post=31789"}],"version-history":[{"count":1,"href":"https:\/\/ligamercedina.com\/web\/wp-json\/wp\/v2\/posts\/31789\/revisions"}],"predecessor-version":[{"id":31790,"href":"https:\/\/ligamercedina.com\/web\/wp-json\/wp\/v2\/posts\/31789\/revisions\/31790"}],"wp:attachment":[{"href":"https:\/\/ligamercedina.com\/web\/wp-json\/wp\/v2\/media?parent=31789"}],"wp:term":[{"taxonomy":"category","embeddable":true,"href":"https:\/\/ligamercedina.com\/web\/wp-json\/wp\/v2\/categories?post=31789"},{"taxonomy":"post_tag","embeddable":true,"href":"https:\/\/ligamercedina.com\/web\/wp-json\/wp\/v2\/tags?post=31789"}],"curies":[{"name":"wp","href":"https:\/\/api.w.org\/{rel}","templated":true}]}}