{"id":31774,"date":"2023-12-06T09:30:18","date_gmt":"2023-12-06T12:30:18","guid":{"rendered":"https:\/\/ligamercedina.com\/web\/?p=31774"},"modified":"2023-12-07T11:15:44","modified_gmt":"2023-12-07T14:15:44","slug":"infanto-juvenil-horarios-para-proxima-fecha","status":"publish","type":"post","link":"https:\/\/ligamercedina.com\/web\/infanto-juvenil-horarios-para-proxima-fecha\/","title":{"rendered":"INFANTO &#8211; JUVENIL: HORARIOS PARA PROXIMA FECHA"},"content":{"rendered":"<p><strong>QUILMES &#8211; VELEZ SARSFIELD<\/strong><br \/>\n<em><strong>Jueves<\/strong><\/em><br \/>\n19:00 hs. Categor\u00eda 2011 <strong><span style=\"color: #ff0000;\">-Postergado para el lunes-<\/span><\/strong><br \/>\n20:00 hs. Categor\u00eda 2010 <span style=\"color: #ff0000;\"><strong>-Postergado para el lunes-<\/strong><\/span><\/p>\n<p><em><strong>S\u00e1bado <\/strong><\/em><br \/>\n13:00 hs. Categor\u00eda 2015<br \/>\n14:00 hs. Categor\u00eda 2014<br \/>\n15:00 hs. Categor\u00eda 2013<br \/>\n16:00 hs. Categor\u00eda 2012<\/p>\n<p>11:00 hs. Categor\u00eda 2009<br \/>\n12:15 hs. Categor\u00eda 2008<br \/>\n13:30 hs. Categor\u00eda 5\u00aa<\/p>\n<p><strong>TROCHA &#8211; MERCEDES<\/strong><br \/>\n<em><strong>Viernes<\/strong><\/em><br \/>\n09:00 hs. Categor\u00eda 2012<br \/>\n10:00 hs. Categor\u00eda 2013<br \/>\n11:00 hs. Categor\u00eda 2014<br \/>\n12:00 hs. Categor\u00eda 2015<\/p>\n<p>09:00 hs. Categor\u00eda 5ta<br \/>\n10:15 hs. Categor\u00eda 2011<br \/>\n11:30 hs. Categor\u00eda 2010<br \/>\n12:30 hs. Categor\u00eda 2008<\/p>\n<p><strong>UNION &#8211; DEFENSORES<\/strong><br \/>\n<em><strong>Viernes<\/strong><\/em><br \/>\n16:00 hs. Categor\u00eda 2015<br \/>\n17:00 hs. Categor\u00eda 2014<br \/>\n18:00 hs. Categor\u00eda 2013<br \/>\nCategor\u00eda 2012 &#8211; Postergado para el martes pr\u00f3ximo-<\/p>\n<p>15:30 hs. Categor\u00eda 5\u00aa<br \/>\n17:00 hs. Categor\u00eda 2011<br \/>\n18:15 hs. Categor\u00eda 2010<br \/>\n19:30 hs. Categor\u00eda 2009<br \/>\n20:45 hs. Categor\u00eda 2009<\/p>\n<p><strong>LA TIJERA &#8211; ESTUDIANTES<\/strong><br \/>\n<em><strong>S\u00e1bado<\/strong><\/em><br \/>\n17:30 hs. Categor\u00eda 2011<br \/>\n18:45 hs. Categor\u00eda 2010<br \/>\n20:00 hs. Categor\u00eda 2008<br \/>\n21:15 hs. Categor\u00eda 5\u00aa<\/p>\n<p><strong>MERCEDES &#8211; EL FRONTON<\/strong><br \/>\n<em><strong>S\u00e1bado<\/strong><\/em><br \/>\n09:00 hs. Categor\u00eda 2015<br \/>\n10:00 hs. Categor\u00eda 2014<br \/>\n11:00 hs. Categor\u00eda 2013<br \/>\n12:00 hs. Categor\u00eda 2012<\/p>\n<p>09:00 hs. Categor\u00eda 5ta<br \/>\n10:15 hs. Categor\u00eda 2011<br \/>\n11:30 hs. Categor\u00eda 2010<br \/>\n12:30 hs. Categor\u00eda 2009<\/p>\n<p>17:30 hs. Categor\u00eda 2008<\/p>\n<p><strong>ATENEO &#8211; PALOMETAS FC<\/strong><br \/>\n<em><strong>S\u00e1bado<\/strong><\/em><br \/>\n13:00 hs. Categor\u00eda 2015<br \/>\n14:00 hs. Categor\u00eda 2014<br \/>\n15:00 hs. Categor\u00eda 2013<br \/>\n16:00 hs. Categor\u00eda 2012<\/p>\n<p>11.00 hs Categor\u00eda 2011<br \/>\n12:15 hs Categor\u00eda 2010<br \/>\n13:30hs Categor\u00eda 2009<br \/>\n14:45 hs. Categor\u00eda 2008<br \/>\n16.00 hs Categor\u00eda 5ta<\/p>\n<p><strong>HOLANDA &#8211; TALLERES<\/strong><br \/>\n13:00 hs. Categor\u00eda 2012<br \/>\n14:00 hs. Categor\u00eda 2013<\/p>\n<p><strong>HOLANDA &#8211; PABELLON ARGENTINO<\/strong><br \/>\n09:45 hs. Categor\u00eda 2010<br \/>\n11:15 hs. Categor\u00eda 2008<\/p>\n<p><strong>GOWLAND &#8211; TROCHA<\/strong><br \/>\n13:00 hs. Categor\u00eda 2014<br \/>\n14:00 hs. Categor\u00eda 2013<br \/>\n15:00 hs. Categor\u00eda 2012<\/p>\n<p>11:00 HS. Categor\u00eda 2010<\/p>\n<p><strong>EL TIMON &#8211; TROCHA<\/strong><br \/>\n10:00 hs. Categor\u00eda 2008<br \/>\n11:15 hs. Categor\u00eda 5a<\/p>\n<p><strong>LOS CARTEROS &#8211; JUVENTUD<\/strong><br \/>\n14:30 hs. Categor\u00eda 2015<br \/>\n15:30 hs. Categor\u00eda 2014<br \/>\n16:30 hs. Categor\u00eda 2013<br \/>\n17:30 hs. Categor\u00eda 2012<\/p>\n<p>11:00 hs. Categor\u00eda 2011<br \/>\n12:15 hs. Categor\u00eda 2010<br \/>\n13:30 hs. Categor\u00eda 2009<br \/>\n14:45 hs. Categor\u00eda 2008<br \/>\n16:00 hs. Categor\u00eda 5a<\/p>\n","protected":false},"excerpt":{"rendered":"<p>QUILMES &#8211; VELEZ SARSFIELD Jueves 19:00 hs. Categor\u00eda 2011 -Postergado para el lunes- 20:00 hs. Categor\u00eda 2010 -Postergado para el lunes- S\u00e1bado 13:00 hs. Categor\u00eda 2015 14:00 hs. Categor\u00eda 2014 15:00 hs. Categor\u00eda 2013 16:00 hs. Categor\u00eda 2012 11:00 hs. Categor\u00eda 2009 12:15 hs. Categor\u00eda 2008 13:30 hs. Categor\u00eda 5\u00aa TROCHA &#8211; MERCEDES Viernes 09:00 hs. Categor\u00eda 2012 10:00 hs.<\/p>\n","protected":false},"author":2,"featured_media":0,"comment_status":"open","ping_status":"open","sticky":false,"template":"","format":"standard","meta":{"footnotes":""},"categories":[4],"tags":[],"class_list":["post-31774","post","type-post","status-publish","format-standard","hentry","category-informaciongeneral"],"_links":{"self":[{"href":"https:\/\/ligamercedina.com\/web\/wp-json\/wp\/v2\/posts\/31774","targetHints":{"allow":["GET"]}}],"collection":[{"href":"https:\/\/ligamercedina.com\/web\/wp-json\/wp\/v2\/posts"}],"about":[{"href":"https:\/\/ligamercedina.com\/web\/wp-json\/wp\/v2\/types\/post"}],"author":[{"embeddable":true,"href":"https:\/\/ligamercedina.com\/web\/wp-json\/wp\/v2\/users\/2"}],"replies":[{"embeddable":true,"href":"https:\/\/ligamercedina.com\/web\/wp-json\/wp\/v2\/comments?post=31774"}],"version-history":[{"count":13,"href":"https:\/\/ligamercedina.com\/web\/wp-json\/wp\/v2\/posts\/31774\/revisions"}],"predecessor-version":[{"id":31794,"href":"https:\/\/ligamercedina.com\/web\/wp-json\/wp\/v2\/posts\/31774\/revisions\/31794"}],"wp:attachment":[{"href":"https:\/\/ligamercedina.com\/web\/wp-json\/wp\/v2\/media?parent=31774"}],"wp:term":[{"taxonomy":"category","embeddable":true,"href":"https:\/\/ligamercedina.com\/web\/wp-json\/wp\/v2\/categories?post=31774"},{"taxonomy":"post_tag","embeddable":true,"href":"https:\/\/ligamercedina.com\/web\/wp-json\/wp\/v2\/tags?post=31774"}],"curies":[{"name":"wp","href":"https:\/\/api.w.org\/{rel}","templated":true}]}}