{"id":31725,"date":"2023-12-01T13:20:21","date_gmt":"2023-12-01T16:20:21","guid":{"rendered":"https:\/\/ligamercedina.com\/web\/?p=31725"},"modified":"2023-12-04T00:31:15","modified_gmt":"2023-12-04T03:31:15","slug":"horario-confirmado-para-la-final-de-primera","status":"publish","type":"post","link":"https:\/\/ligamercedina.com\/web\/horario-confirmado-para-la-final-de-primera\/","title":{"rendered":"HORARIO CONFIRMADO PARA LA FINAL DE PRIMERA"},"content":{"rendered":"<p><strong>Se informa que el partido entre Juventud &#8211; Mercedes, correspondiente a la final de Ida por el Torneo de Primera, se disputar\u00e1 el pr\u00f3ximo domingo, desde las 17:30 horas, en Suipacha.<br \/>\nEn cuanto al partido revancha, en principio est\u00e1 previsto para el domingo 10, aunque depender\u00e1 de la confirmaci\u00f3n de las autoridades policiales<\/strong><\/p>\n","protected":false},"excerpt":{"rendered":"<p>Se informa que el partido entre Juventud &#8211; Mercedes, correspondiente a la final de Ida por el Torneo de Primera, se disputar\u00e1 el pr\u00f3ximo domingo, desde las 17:30 horas, en Suipacha. En cuanto al partido revancha, en principio est\u00e1 previsto para el domingo 10, aunque depender\u00e1 de la confirmaci\u00f3n de las autoridades policiales<\/p>\n","protected":false},"author":2,"featured_media":31750,"comment_status":"open","ping_status":"open","sticky":false,"template":"","format":"standard","meta":{"footnotes":""},"categories":[4],"tags":[],"class_list":["post-31725","post","type-post","status-publish","format-standard","has-post-thumbnail","hentry","category-informaciongeneral"],"_links":{"self":[{"href":"https:\/\/ligamercedina.com\/web\/wp-json\/wp\/v2\/posts\/31725","targetHints":{"allow":["GET"]}}],"collection":[{"href":"https:\/\/ligamercedina.com\/web\/wp-json\/wp\/v2\/posts"}],"about":[{"href":"https:\/\/ligamercedina.com\/web\/wp-json\/wp\/v2\/types\/post"}],"author":[{"embeddable":true,"href":"https:\/\/ligamercedina.com\/web\/wp-json\/wp\/v2\/users\/2"}],"replies":[{"embeddable":true,"href":"https:\/\/ligamercedina.com\/web\/wp-json\/wp\/v2\/comments?post=31725"}],"version-history":[{"count":3,"href":"https:\/\/ligamercedina.com\/web\/wp-json\/wp\/v2\/posts\/31725\/revisions"}],"predecessor-version":[{"id":31728,"href":"https:\/\/ligamercedina.com\/web\/wp-json\/wp\/v2\/posts\/31725\/revisions\/31728"}],"wp:featuredmedia":[{"embeddable":true,"href":"https:\/\/ligamercedina.com\/web\/wp-json\/wp\/v2\/media\/31750"}],"wp:attachment":[{"href":"https:\/\/ligamercedina.com\/web\/wp-json\/wp\/v2\/media?parent=31725"}],"wp:term":[{"taxonomy":"category","embeddable":true,"href":"https:\/\/ligamercedina.com\/web\/wp-json\/wp\/v2\/categories?post=31725"},{"taxonomy":"post_tag","embeddable":true,"href":"https:\/\/ligamercedina.com\/web\/wp-json\/wp\/v2\/tags?post=31725"}],"curies":[{"name":"wp","href":"https:\/\/api.w.org\/{rel}","templated":true}]}}