{"id":31720,"date":"2023-12-01T10:22:33","date_gmt":"2023-12-01T13:22:33","guid":{"rendered":"https:\/\/ligamercedina.com\/web\/?p=31720"},"modified":"2023-12-01T10:22:33","modified_gmt":"2023-12-01T13:22:33","slug":"primera-division-final","status":"publish","type":"post","link":"https:\/\/ligamercedina.com\/web\/primera-division-final\/","title":{"rendered":"PRIMERA DIVISION: FINAL"},"content":{"rendered":"<p><strong>Se informa que reci\u00e9n en horas del mediod\u00eda de este viernes se resolver\u00e1 la programaci\u00f3n para el partido de ida por el certamen de Primera entre Juventud &#8211; Mercedes<\/strong><\/p>\n","protected":false},"excerpt":{"rendered":"<p>Se informa que reci\u00e9n en horas del mediod\u00eda de este viernes se resolver\u00e1 la programaci\u00f3n para el partido de ida por el certamen de Primera entre Juventud &#8211; Mercedes<\/p>\n","protected":false},"author":2,"featured_media":0,"comment_status":"open","ping_status":"open","sticky":false,"template":"","format":"standard","meta":{"footnotes":""},"categories":[4],"tags":[],"class_list":["post-31720","post","type-post","status-publish","format-standard","hentry","category-informaciongeneral"],"_links":{"self":[{"href":"https:\/\/ligamercedina.com\/web\/wp-json\/wp\/v2\/posts\/31720","targetHints":{"allow":["GET"]}}],"collection":[{"href":"https:\/\/ligamercedina.com\/web\/wp-json\/wp\/v2\/posts"}],"about":[{"href":"https:\/\/ligamercedina.com\/web\/wp-json\/wp\/v2\/types\/post"}],"author":[{"embeddable":true,"href":"https:\/\/ligamercedina.com\/web\/wp-json\/wp\/v2\/users\/2"}],"replies":[{"embeddable":true,"href":"https:\/\/ligamercedina.com\/web\/wp-json\/wp\/v2\/comments?post=31720"}],"version-history":[{"count":1,"href":"https:\/\/ligamercedina.com\/web\/wp-json\/wp\/v2\/posts\/31720\/revisions"}],"predecessor-version":[{"id":31721,"href":"https:\/\/ligamercedina.com\/web\/wp-json\/wp\/v2\/posts\/31720\/revisions\/31721"}],"wp:attachment":[{"href":"https:\/\/ligamercedina.com\/web\/wp-json\/wp\/v2\/media?parent=31720"}],"wp:term":[{"taxonomy":"category","embeddable":true,"href":"https:\/\/ligamercedina.com\/web\/wp-json\/wp\/v2\/categories?post=31720"},{"taxonomy":"post_tag","embeddable":true,"href":"https:\/\/ligamercedina.com\/web\/wp-json\/wp\/v2\/tags?post=31720"}],"curies":[{"name":"wp","href":"https:\/\/api.w.org\/{rel}","templated":true}]}}