{"id":31667,"date":"2023-11-28T11:15:36","date_gmt":"2023-11-28T14:15:36","guid":{"rendered":"https:\/\/ligamercedina.com\/web\/?p=31667"},"modified":"2023-12-02T10:38:33","modified_gmt":"2023-12-02T13:38:33","slug":"inferiores-se-van-confirmando-horarios-en-una-fecha-que-arranca-este-miercoles","status":"publish","type":"post","link":"https:\/\/ligamercedina.com\/web\/inferiores-se-van-confirmando-horarios-en-una-fecha-que-arranca-este-miercoles\/","title":{"rendered":"INFERIORES: SE VAN CONFIRMANDO HORARIOS EN UNA FECHA QUE ARRANCA ESTE MIERCOLES"},"content":{"rendered":"<p><strong>ATENEO VS. LOS CARTEROS<\/strong><br \/>\n<span style=\"color: #ff0000;\"><strong>Mi\u00e9rcoles<\/strong><\/span><br \/>\n18:15 hs. Categor\u00eda 2009<\/p>\n<p><span style=\"color: #ff0000;\"><strong>Jueves<\/strong><\/span><br \/>\n18:15 hs. Categor\u00eda 2008<\/p>\n<p><span style=\"color: #ff0000;\"><strong>S\u00e1bado<\/strong><\/span><br \/>\n12:00 hs. Categor\u00eda 2015<br \/>\n13:00 hs. Categor\u00eda 2014<br \/>\n14:00 hs. Categor\u00eda 2013<br \/>\n15:00 hs. Categor\u00eda 2012<\/p>\n<p>11:00 hs Categor\u00eda 2011<br \/>\n12:15 hs Categor\u00eda 2010<br \/>\n13:30 hs. Categor\u00eda 5\u00aa<\/p>\n<p><strong>PALOMETAS VS. HOLANDA<\/strong><br \/>\n<span style=\"color: #ff0000;\"><strong>Jueves<\/strong><\/span><br \/>\n19:00 hs. Categor\u00eda 2013<br \/>\n20:00 hs. Categor\u00eda 2012<\/p>\n<p>19:00 hs Categor\u00eda 2010<br \/>\n20:15 hs Categor\u00eda 2008<\/p>\n<p><strong>EL FRONTON &#8211; DEFENSORES<\/strong><br \/>\n<span style=\"color: #ff0000;\"><strong>Jueves<\/strong><\/span><br \/>\n19:00 hs. Categor\u00eda 2011<br \/>\n20:15 hs. Categor\u00eda 2009<br \/>\n21:30 hs. Categor\u00eda 5a<\/p>\n<p><span style=\"color: #ff0000;\"><strong>S\u00e1bado<\/strong><\/span><br \/>\n15:30 hs. Categor\u00eda 2015<br \/>\n16:30 hs. Categor\u00eda 2014<br \/>\n17:30 hs. Categor\u00eda 2013<br \/>\n18:30 hs. Categor\u00eda 2012<\/p>\n<p>16:00 hs. Categor\u00eda 2010<br \/>\n17:00 hs. Categor\u00eda 2008<\/p>\n<p><strong>ESTUDIANTES &#8211; VELEZ<\/strong><br \/>\n<span style=\"color: #ff0000;\"><strong>Jueves<\/strong><\/span><br \/>\n18:15 hs. Categor\u00eda 2015<br \/>\n19:15 hs. Categor\u00eda 2014<br \/>\n20:15 hs. Categor\u00eda 2013<br \/>\n21:15 hs. Categor\u00eda 2012<\/p>\n<p>17:30 hs. Categor\u00eda 2011<br \/>\n18:45 hs. Categor\u00eda 2010<br \/>\n20:00 hs. Categor\u00eda 2009<br \/>\n21:15 hs. Categor\u00eda 2008<br \/>\n22:00 hs. Categor\u00eda 5a Divisi\u00f3n<\/p>\n<p><strong>TALLERES VS. JUVENTUD<\/strong><br \/>\n<span style=\"color: #ff0000;\"><strong>S\u00e1bado<\/strong><\/span><br \/>\n16:00 hs. Categor\u00eda 2015<br \/>\n17:00 hs. Categor\u00eda 2015<br \/>\n18:00 hs. Categor\u00eda 2015<br \/>\n19:00 hs. Categor\u00eda 2015<\/p>\n<p><strong>PABELLON ARGENTINO VS. JUVENTUD<\/strong><br \/>\n<span style=\"color: #ff0000;\"><strong>S\u00e1bado<\/strong><\/span><br \/>\n16:00 hs Categor\u00eda 2011<br \/>\n17:15 hs Categor\u00eda 2010<br \/>\n18:30 hs Categor\u00eda 2009<br \/>\n19:45 hs Categor\u00eda 2008<br \/>\n21:00 hs. Categor\u00eda 5\u00aa<\/p>\n<p><strong>LA TIJERA &#8211; QUILMES<\/strong><br \/>\n<strong><span style=\"color: #ff0000;\">S\u00e1bado<\/span><\/strong><br \/>\n18:45 hs. Categor\u00eda 2010<br \/>\n20:00 hs. Categor\u00eda 2008<br \/>\n21:15 hs. Categor\u00eda 5a<\/p>\n<p>&nbsp;<\/p>\n<p><strong>TROCHA &#8211; UNION<\/strong><br \/>\n<span style=\"color: #ff0000;\"><strong>S\u00e1bado<\/strong><\/span><br \/>\n17:00 hs. Categor\u00eda 2015<br \/>\n18:00 hs. Categor\u00eda 2014<br \/>\n19:00 hs. Categor\u00eda 2013<br \/>\n20:00 hs. Categor\u00eda 2012<\/p>\n<p>17:00 hs. Categor\u00eda 2011<br \/>\n18:00 hs. Categor\u00eda 2010<br \/>\n19:00 hs. Categor\u00eda 2008<br \/>\n20:00 hs. Categor\u00eda 5a<\/p>\n<p><strong>GOWLAND &#8211; MERCEDES<\/strong><\/p>\n<p><span style=\"color: #ff0000;\"><strong>S\u00e1bado<\/strong><\/span><br \/>\n16:45 hs. Categor\u00eda 2014<br \/>\n17:45 hs. Categor\u00eda 2013<br \/>\n18:45 hs. Categor\u00eda 2012<\/p>\n<p>10:00 hs. Categor\u00eda 2010<\/p>\n<p>&nbsp;<\/p>\n<p><strong>EL TIMON &#8211; MERCEDES<\/strong><br \/>\n16:15 hs. Categor\u00eda 2009<br \/>\n17:30 hs. Categor\u00eda 2008<br \/>\n18:45 hs. Categor\u00eda 5a<\/p>\n","protected":false},"excerpt":{"rendered":"<p>ATENEO VS. LOS CARTEROS Mi\u00e9rcoles 18:15 hs. Categor\u00eda 2009 Jueves 18:15 hs. Categor\u00eda 2008 S\u00e1bado 12:00 hs. Categor\u00eda 2015 13:00 hs. Categor\u00eda 2014 14:00 hs. Categor\u00eda 2013 15:00 hs. Categor\u00eda 2012 11:00 hs Categor\u00eda 2011 12:15 hs Categor\u00eda 2010 13:30 hs. Categor\u00eda 5\u00aa PALOMETAS VS. HOLANDA Jueves 19:00 hs. Categor\u00eda 2013 20:00 hs. Categor\u00eda 2012 19:00 hs Categor\u00eda 2010 20:15<\/p>\n","protected":false},"author":2,"featured_media":0,"comment_status":"open","ping_status":"open","sticky":false,"template":"","format":"standard","meta":{"footnotes":""},"categories":[4],"tags":[],"class_list":["post-31667","post","type-post","status-publish","format-standard","hentry","category-informaciongeneral"],"_links":{"self":[{"href":"https:\/\/ligamercedina.com\/web\/wp-json\/wp\/v2\/posts\/31667","targetHints":{"allow":["GET"]}}],"collection":[{"href":"https:\/\/ligamercedina.com\/web\/wp-json\/wp\/v2\/posts"}],"about":[{"href":"https:\/\/ligamercedina.com\/web\/wp-json\/wp\/v2\/types\/post"}],"author":[{"embeddable":true,"href":"https:\/\/ligamercedina.com\/web\/wp-json\/wp\/v2\/users\/2"}],"replies":[{"embeddable":true,"href":"https:\/\/ligamercedina.com\/web\/wp-json\/wp\/v2\/comments?post=31667"}],"version-history":[{"count":21,"href":"https:\/\/ligamercedina.com\/web\/wp-json\/wp\/v2\/posts\/31667\/revisions"}],"predecessor-version":[{"id":31738,"href":"https:\/\/ligamercedina.com\/web\/wp-json\/wp\/v2\/posts\/31667\/revisions\/31738"}],"wp:attachment":[{"href":"https:\/\/ligamercedina.com\/web\/wp-json\/wp\/v2\/media?parent=31667"}],"wp:term":[{"taxonomy":"category","embeddable":true,"href":"https:\/\/ligamercedina.com\/web\/wp-json\/wp\/v2\/categories?post=31667"},{"taxonomy":"post_tag","embeddable":true,"href":"https:\/\/ligamercedina.com\/web\/wp-json\/wp\/v2\/tags?post=31667"}],"curies":[{"name":"wp","href":"https:\/\/api.w.org\/{rel}","templated":true}]}}