{"id":31619,"date":"2023-11-22T09:56:22","date_gmt":"2023-11-22T12:56:22","guid":{"rendered":"https:\/\/ligamercedina.com\/web\/?p=31619"},"modified":"2023-11-22T09:56:22","modified_gmt":"2023-11-22T12:56:22","slug":"inferiores-masculino-horarios-para-el-fin-de-semana","status":"publish","type":"post","link":"https:\/\/ligamercedina.com\/web\/inferiores-masculino-horarios-para-el-fin-de-semana\/","title":{"rendered":"INFERIORES MASCULINO: HORARIOS PARA EL FIN DE SEMANA"},"content":{"rendered":"<p><strong>Juventud Vs. Palometas<\/strong><br \/>\n13:00 hs. Categor\u00eda 2015<br \/>\n14:00 hs. Categor\u00eda 2014<br \/>\n15:00 hs. Categor\u00eda 2013<br \/>\n16:00 hs. Categor\u00eda 2012<\/p>\n<p>12:00 hs. Categor\u00eda 2009<br \/>\n13:15 hs. Categor\u00eda 2008<br \/>\n14:30 hs. Categor\u00eda 5ta<\/p>\n<p><strong>Estudiantes Vs. Quilmes<\/strong><br \/>\n13:00 hs. Categor\u00eda 2015<br \/>\n14:00 hs. Categor\u00eda 2014<br \/>\n15:00 hs. Categor\u00eda 2013<br \/>\n16:00 hs. Categor\u00eda 2012<\/p>\n<p>11:00 hs. Categor\u00eda 2011<br \/>\n12:15 hs. Categor\u00eda 2010<br \/>\n13:30 hs. Categor\u00eda 2009<br \/>\n14:45 hs. Categor\u00eda 2008<br \/>\n16:00 hs. Categor\u00eda 5\u00aa<\/p>\n<p><strong>Holanda Vs. Los Carteros<\/strong><br \/>\n13:00 hs. Categor\u00eda 2013<br \/>\n14:00 hs. Categor\u00eda 2012<\/p>\n<p>12:00 hs. Categor\u00eda 2010<br \/>\n13:15 hs. Categor\u00eda 2008<\/p>\n<p><strong>Talleres Vs. Ateneo<\/strong><br \/>\n13:00 hs. Categor\u00eda 2015<br \/>\n14:00 hs. Categor\u00eda 2012<br \/>\n15:00 hs. Categor\u00eda 2014<br \/>\n16:00 hs. Categor\u00eda 2013<\/p>\n<p><strong>Uni\u00f3n Vs. Mercedes<\/strong><br \/>\n13:00 hs. Categor\u00eda 2015<br \/>\n14:00 hs. Categor\u00eda 2014<br \/>\n15:00 hs. Categor\u00eda 2013<br \/>\n16:00 hs. Categor\u00eda 2012<\/p>\n<p>11:00 hs. Categor\u00eda 2011<br \/>\n12:15 hs. Categor\u00eda 2010<br \/>\n13:30 hs. Categor\u00eda 2010<br \/>\n14:45 hs. Categor\u00eda 2008<br \/>\n16:00 hs. Categor\u00eda 5ta<\/p>\n<p><strong>El Front\u00f3n &#8211; Defensores<\/strong><br \/>\n12:00 hs. Categor\u00eda 2015<br \/>\n13:00 hs. Categor\u00eda 2014<br \/>\n14:00 hs. Categor\u00eda 2013<br \/>\n15:00 hs. Categor\u00eda 2012<\/p>\n<p>11:00 hs. Categor\u00eda 2011<br \/>\n12:15 hs. Categor\u00eda 2010<br \/>\n13:30 hs. Categor\u00eda 2009 \u2013Este \u00faltimo a confirmar-<\/p>\n","protected":false},"excerpt":{"rendered":"<p>Juventud Vs. Palometas 13:00 hs. Categor\u00eda 2015 14:00 hs. Categor\u00eda 2014 15:00 hs. Categor\u00eda 2013 16:00 hs. Categor\u00eda 2012 12:00 hs. Categor\u00eda 2009 13:15 hs. Categor\u00eda 2008 14:30 hs. Categor\u00eda 5ta Estudiantes Vs. Quilmes 13:00 hs. Categor\u00eda 2015 14:00 hs. Categor\u00eda 2014 15:00 hs. Categor\u00eda 2013 16:00 hs. Categor\u00eda 2012 11:00 hs. Categor\u00eda 2011 12:15 hs. Categor\u00eda 2010 13:30 hs.<\/p>\n","protected":false},"author":2,"featured_media":0,"comment_status":"open","ping_status":"open","sticky":false,"template":"","format":"standard","meta":{"footnotes":""},"categories":[4],"tags":[],"class_list":["post-31619","post","type-post","status-publish","format-standard","hentry","category-informaciongeneral"],"_links":{"self":[{"href":"https:\/\/ligamercedina.com\/web\/wp-json\/wp\/v2\/posts\/31619","targetHints":{"allow":["GET"]}}],"collection":[{"href":"https:\/\/ligamercedina.com\/web\/wp-json\/wp\/v2\/posts"}],"about":[{"href":"https:\/\/ligamercedina.com\/web\/wp-json\/wp\/v2\/types\/post"}],"author":[{"embeddable":true,"href":"https:\/\/ligamercedina.com\/web\/wp-json\/wp\/v2\/users\/2"}],"replies":[{"embeddable":true,"href":"https:\/\/ligamercedina.com\/web\/wp-json\/wp\/v2\/comments?post=31619"}],"version-history":[{"count":1,"href":"https:\/\/ligamercedina.com\/web\/wp-json\/wp\/v2\/posts\/31619\/revisions"}],"predecessor-version":[{"id":31620,"href":"https:\/\/ligamercedina.com\/web\/wp-json\/wp\/v2\/posts\/31619\/revisions\/31620"}],"wp:attachment":[{"href":"https:\/\/ligamercedina.com\/web\/wp-json\/wp\/v2\/media?parent=31619"}],"wp:term":[{"taxonomy":"category","embeddable":true,"href":"https:\/\/ligamercedina.com\/web\/wp-json\/wp\/v2\/categories?post=31619"},{"taxonomy":"post_tag","embeddable":true,"href":"https:\/\/ligamercedina.com\/web\/wp-json\/wp\/v2\/tags?post=31619"}],"curies":[{"name":"wp","href":"https:\/\/api.w.org\/{rel}","templated":true}]}}