{"id":31613,"date":"2023-11-21T12:41:43","date_gmt":"2023-11-21T15:41:43","guid":{"rendered":"https:\/\/ligamercedina.com\/web\/?p=31613"},"modified":"2023-11-23T21:30:05","modified_gmt":"2023-11-24T00:30:05","slug":"reserva-horarios-para-el-fin-de-semana-36","status":"publish","type":"post","link":"https:\/\/ligamercedina.com\/web\/reserva-horarios-para-el-fin-de-semana-36\/","title":{"rendered":"RESERVA: HORARIOS PARA EL FIN DE SEMANA"},"content":{"rendered":"<p><em><strong>S\u00e1bado 25 de noviembre, cancha El Front\u00f3n<\/strong><\/em><br \/>\n16:00 hs. El Front\u00f3n Vs. Estudiantes<\/p>\n<p><em><strong>S\u00e1bado 25 de noviembre, cancha Los Carteros<\/strong><\/em><br \/>\n16:15 hs. All Haz Vs. Pabell\u00f3n Argentino<br \/>\n18:00 hs. Los Carteros Vs. Quilmes<\/p>\n<p><em><strong>S\u00e1bado 25 de noviembre, cancha Mercedes<\/strong><\/em><br \/>\n16:30 hs. Mercedes Vs. Defensores<\/p>\n<p><em><strong>S\u00e1bado 25 de noviembre, cancha Uni\u00f3n<\/strong><\/em><br \/>\n18:00 hs. Uni\u00f3n Vs. Deportivo Gowland<\/p>\n<p><em><strong>S\u00e1bado 25 de noviembre, cancha Palometas<\/strong><\/em><br \/>\n14:00 hs. Palometas Vs. Col\u00f3n<br \/>\n16:15 hs. Holanda Vs. Talleres<\/p>\n<p><em><strong>S\u00e1bado 25 de noviembre, cancha La Tijera<\/strong><\/em><br \/>\n17:00 hs. La Tijera Vs. Atl\u00e9tico Marcos Paz<\/p>\n","protected":false},"excerpt":{"rendered":"<p>S\u00e1bado 25 de noviembre, cancha El Front\u00f3n 16:00 hs. El Front\u00f3n Vs. Estudiantes S\u00e1bado 25 de noviembre, cancha Los Carteros 16:15 hs. All Haz Vs. Pabell\u00f3n Argentino 18:00 hs. Los Carteros Vs. Quilmes S\u00e1bado 25 de noviembre, cancha Mercedes 16:30 hs. Mercedes Vs. Defensores S\u00e1bado 25 de noviembre, cancha Uni\u00f3n 18:00 hs. Uni\u00f3n Vs. Deportivo Gowland S\u00e1bado 25 de noviembre,<\/p>\n","protected":false},"author":2,"featured_media":0,"comment_status":"open","ping_status":"open","sticky":false,"template":"","format":"standard","meta":{"footnotes":""},"categories":[4],"tags":[],"class_list":["post-31613","post","type-post","status-publish","format-standard","hentry","category-informaciongeneral"],"_links":{"self":[{"href":"https:\/\/ligamercedina.com\/web\/wp-json\/wp\/v2\/posts\/31613","targetHints":{"allow":["GET"]}}],"collection":[{"href":"https:\/\/ligamercedina.com\/web\/wp-json\/wp\/v2\/posts"}],"about":[{"href":"https:\/\/ligamercedina.com\/web\/wp-json\/wp\/v2\/types\/post"}],"author":[{"embeddable":true,"href":"https:\/\/ligamercedina.com\/web\/wp-json\/wp\/v2\/users\/2"}],"replies":[{"embeddable":true,"href":"https:\/\/ligamercedina.com\/web\/wp-json\/wp\/v2\/comments?post=31613"}],"version-history":[{"count":5,"href":"https:\/\/ligamercedina.com\/web\/wp-json\/wp\/v2\/posts\/31613\/revisions"}],"predecessor-version":[{"id":31642,"href":"https:\/\/ligamercedina.com\/web\/wp-json\/wp\/v2\/posts\/31613\/revisions\/31642"}],"wp:attachment":[{"href":"https:\/\/ligamercedina.com\/web\/wp-json\/wp\/v2\/media?parent=31613"}],"wp:term":[{"taxonomy":"category","embeddable":true,"href":"https:\/\/ligamercedina.com\/web\/wp-json\/wp\/v2\/categories?post=31613"},{"taxonomy":"post_tag","embeddable":true,"href":"https:\/\/ligamercedina.com\/web\/wp-json\/wp\/v2\/tags?post=31613"}],"curies":[{"name":"wp","href":"https:\/\/api.w.org\/{rel}","templated":true}]}}