{"id":31600,"date":"2023-11-15T09:57:17","date_gmt":"2023-11-15T12:57:17","guid":{"rendered":"https:\/\/ligamercedina.com\/web\/?p=31600"},"modified":"2023-11-15T10:50:58","modified_gmt":"2023-11-15T13:50:58","slug":"primera-y-segunda-division-horarios-para-el-fin-de-semana-4","status":"publish","type":"post","link":"https:\/\/ligamercedina.com\/web\/primera-y-segunda-division-horarios-para-el-fin-de-semana-4\/","title":{"rendered":"PRIMERA Y SEGUNDA DIVISION: HORARIOS PARA EL FIN DE SEMANA"},"content":{"rendered":"<p><em><strong>Lunes 20 de noviembre, cancha Liga Mercedina<\/strong><\/em><br \/>\n13:30 hs. Talleres Vs. Palometas<br \/>\n15:30 hs. Col\u00f3n Vs. Uni\u00f3n<br \/>\n17:30 hs. Defensores Vs. Juventud<\/p>\n<p><em><strong>Lunes 20 de noviembre, cancha Atl\u00e9tico Marcos Paz (SIN PUBLICO VISITANTE)<\/strong><\/em><br \/>\n15:00 hs. Atl\u00e9tico Marcos Paz Vs. Holanda<\/p>\n<p><em><strong>Lunes 20 de noviembre, cancha El Front\u00f3n<\/strong><\/em><br \/>\n15:30 hs. El Front\u00f3n Vs. All Haz<\/p>\n<p><em><strong>Lunes 20 de noviembre, cancha Atl\u00e9tico General Rodr\u00edguez<\/strong><\/em><br \/>\n16:00 hs. Atl\u00e9tico General Rodr\u00edguez Vs. La Tijera<\/p>\n<p><em><strong>Lunes 20 de noviembre, cancha El Tim\u00f3n (SIN PUBLICO VISITANTE)<\/strong><\/em><br \/>\n16:30 hs. El Tim\u00f3n Vs. Ateneo<\/p>\n","protected":false},"excerpt":{"rendered":"<p>Lunes 20 de noviembre, cancha Liga Mercedina 13:30 hs. Talleres Vs. Palometas 15:30 hs. Col\u00f3n Vs. Uni\u00f3n 17:30 hs. Defensores Vs. Juventud Lunes 20 de noviembre, cancha Atl\u00e9tico Marcos Paz (SIN PUBLICO VISITANTE) 15:00 hs. Atl\u00e9tico Marcos Paz Vs. Holanda Lunes 20 de noviembre, cancha El Front\u00f3n 15:30 hs. El Front\u00f3n Vs. All Haz Lunes 20 de noviembre, cancha Atl\u00e9tico<\/p>\n","protected":false},"author":2,"featured_media":0,"comment_status":"open","ping_status":"open","sticky":false,"template":"","format":"standard","meta":{"footnotes":""},"categories":[4],"tags":[],"class_list":["post-31600","post","type-post","status-publish","format-standard","hentry","category-informaciongeneral"],"_links":{"self":[{"href":"https:\/\/ligamercedina.com\/web\/wp-json\/wp\/v2\/posts\/31600","targetHints":{"allow":["GET"]}}],"collection":[{"href":"https:\/\/ligamercedina.com\/web\/wp-json\/wp\/v2\/posts"}],"about":[{"href":"https:\/\/ligamercedina.com\/web\/wp-json\/wp\/v2\/types\/post"}],"author":[{"embeddable":true,"href":"https:\/\/ligamercedina.com\/web\/wp-json\/wp\/v2\/users\/2"}],"replies":[{"embeddable":true,"href":"https:\/\/ligamercedina.com\/web\/wp-json\/wp\/v2\/comments?post=31600"}],"version-history":[{"count":4,"href":"https:\/\/ligamercedina.com\/web\/wp-json\/wp\/v2\/posts\/31600\/revisions"}],"predecessor-version":[{"id":31604,"href":"https:\/\/ligamercedina.com\/web\/wp-json\/wp\/v2\/posts\/31600\/revisions\/31604"}],"wp:attachment":[{"href":"https:\/\/ligamercedina.com\/web\/wp-json\/wp\/v2\/media?parent=31600"}],"wp:term":[{"taxonomy":"category","embeddable":true,"href":"https:\/\/ligamercedina.com\/web\/wp-json\/wp\/v2\/categories?post=31600"},{"taxonomy":"post_tag","embeddable":true,"href":"https:\/\/ligamercedina.com\/web\/wp-json\/wp\/v2\/tags?post=31600"}],"curies":[{"name":"wp","href":"https:\/\/api.w.org\/{rel}","templated":true}]}}