{"id":31577,"date":"2023-11-11T09:11:49","date_gmt":"2023-11-11T12:11:49","guid":{"rendered":"https:\/\/ligamercedina.com\/web\/?p=31577"},"modified":"2023-11-11T09:11:49","modified_gmt":"2023-11-11T12:11:49","slug":"infanto-juvenil-juegan-trocha-el-fronton","status":"publish","type":"post","link":"https:\/\/ligamercedina.com\/web\/infanto-juvenil-juegan-trocha-el-fronton\/","title":{"rendered":"INFANTO &#8211; JUVENIL: JUEGAN TROCHA &#8211; EL FRONTON"},"content":{"rendered":"<p><strong>Se confirma la realizaci\u00f3n de los partidos de divisiones inferiores entre los clubes Trocha &#8211; El Front\u00f3n, a disputarse en la jornada de hoy s\u00e1bado<\/strong><\/p>\n","protected":false},"excerpt":{"rendered":"<p>Se confirma la realizaci\u00f3n de los partidos de divisiones inferiores entre los clubes Trocha &#8211; El Front\u00f3n, a disputarse en la jornada de hoy s\u00e1bado<\/p>\n","protected":false},"author":2,"featured_media":0,"comment_status":"open","ping_status":"open","sticky":false,"template":"","format":"standard","meta":{"footnotes":""},"categories":[4],"tags":[],"class_list":["post-31577","post","type-post","status-publish","format-standard","hentry","category-informaciongeneral"],"_links":{"self":[{"href":"https:\/\/ligamercedina.com\/web\/wp-json\/wp\/v2\/posts\/31577","targetHints":{"allow":["GET"]}}],"collection":[{"href":"https:\/\/ligamercedina.com\/web\/wp-json\/wp\/v2\/posts"}],"about":[{"href":"https:\/\/ligamercedina.com\/web\/wp-json\/wp\/v2\/types\/post"}],"author":[{"embeddable":true,"href":"https:\/\/ligamercedina.com\/web\/wp-json\/wp\/v2\/users\/2"}],"replies":[{"embeddable":true,"href":"https:\/\/ligamercedina.com\/web\/wp-json\/wp\/v2\/comments?post=31577"}],"version-history":[{"count":1,"href":"https:\/\/ligamercedina.com\/web\/wp-json\/wp\/v2\/posts\/31577\/revisions"}],"predecessor-version":[{"id":31578,"href":"https:\/\/ligamercedina.com\/web\/wp-json\/wp\/v2\/posts\/31577\/revisions\/31578"}],"wp:attachment":[{"href":"https:\/\/ligamercedina.com\/web\/wp-json\/wp\/v2\/media?parent=31577"}],"wp:term":[{"taxonomy":"category","embeddable":true,"href":"https:\/\/ligamercedina.com\/web\/wp-json\/wp\/v2\/categories?post=31577"},{"taxonomy":"post_tag","embeddable":true,"href":"https:\/\/ligamercedina.com\/web\/wp-json\/wp\/v2\/tags?post=31577"}],"curies":[{"name":"wp","href":"https:\/\/api.w.org\/{rel}","templated":true}]}}