{"id":31561,"date":"2023-11-10T17:40:14","date_gmt":"2023-11-10T20:40:14","guid":{"rendered":"https:\/\/ligamercedina.com\/web\/?p=31561"},"modified":"2023-11-10T21:59:59","modified_gmt":"2023-11-11T00:59:59","slug":"infanto-juvenil-situacion-por-estado-del-clima","status":"publish","type":"post","link":"https:\/\/ligamercedina.com\/web\/infanto-juvenil-situacion-por-estado-del-clima\/","title":{"rendered":"INFANTO &#8211; JUVENIL: SITUACION POR ESTADO DEL CLIMA"},"content":{"rendered":"<p><strong>Juventud &#8211; Palometas\u00a0<span style=\"color: #ff0000;\">-SUSPENDIDO-<\/span><\/strong><\/p>\n<p><strong>V\u00e9lez Vs. La Tijera <span style=\"color: #ff0000;\">-SUSPENDIDO-<\/span><\/strong><\/p>\n<p><strong>Holanda Vs. Los Carteros <span style=\"color: #ff0000;\">-SUSPENDIDO-<\/span><\/strong><\/p>\n<p><strong>Defensores Vs. Gowland <span style=\"color: #ff0000;\">-SUSPENDIDO-<\/span><\/strong><\/p>\n<p><strong>Defensores Vs. El Tim\u00f3n <span style=\"color: #ff0000;\">-SUSPENDIDO-<\/span><\/strong><\/p>\n<p><strong>Trocha Vs. El Front\u00f3n <span style=\"color: #0000ff;\">-SE ESPERA LAS 9 DE LA MA\u00d1ANA DEL SABADO-<\/span><\/strong><\/p>\n<p><strong>Talleres Vs. Ateneo <span style=\"color: #ff0000;\">-SUSPENDIDO-<\/span><\/strong><\/p>\n<p><strong>Estudiantes &#8211; Quilmes<span style=\"color: #ff0000;\">-SUSPENDIDO-<\/span><\/strong><\/p>\n<p><strong>Pabell\u00f3n Argentino Vs. Ateneo<\/strong> <strong><span style=\"color: #ff0000;\">-SUSPENDIDO-<\/span><\/strong><\/p>\n<p><strong>Uni\u00f3n Vs. Mercedes <span style=\"color: #ff0000;\">-SUSPENDIDO-<\/span><\/strong><\/p>\n","protected":false},"excerpt":{"rendered":"<p>Juventud &#8211; Palometas\u00a0-SUSPENDIDO- V\u00e9lez Vs. La Tijera -SUSPENDIDO- Holanda Vs. Los Carteros -SUSPENDIDO- Defensores Vs. Gowland -SUSPENDIDO- Defensores Vs. El Tim\u00f3n -SUSPENDIDO- Trocha Vs. El Front\u00f3n -SE ESPERA LAS 9 DE LA MA\u00d1ANA DEL SABADO- Talleres Vs. Ateneo -SUSPENDIDO- Estudiantes &#8211; Quilmes-SUSPENDIDO- Pabell\u00f3n Argentino Vs. Ateneo -SUSPENDIDO- Uni\u00f3n Vs. Mercedes -SUSPENDIDO-<\/p>\n","protected":false},"author":2,"featured_media":0,"comment_status":"open","ping_status":"open","sticky":false,"template":"","format":"standard","meta":{"footnotes":""},"categories":[4],"tags":[],"class_list":["post-31561","post","type-post","status-publish","format-standard","hentry","category-informaciongeneral"],"_links":{"self":[{"href":"https:\/\/ligamercedina.com\/web\/wp-json\/wp\/v2\/posts\/31561","targetHints":{"allow":["GET"]}}],"collection":[{"href":"https:\/\/ligamercedina.com\/web\/wp-json\/wp\/v2\/posts"}],"about":[{"href":"https:\/\/ligamercedina.com\/web\/wp-json\/wp\/v2\/types\/post"}],"author":[{"embeddable":true,"href":"https:\/\/ligamercedina.com\/web\/wp-json\/wp\/v2\/users\/2"}],"replies":[{"embeddable":true,"href":"https:\/\/ligamercedina.com\/web\/wp-json\/wp\/v2\/comments?post=31561"}],"version-history":[{"count":7,"href":"https:\/\/ligamercedina.com\/web\/wp-json\/wp\/v2\/posts\/31561\/revisions"}],"predecessor-version":[{"id":31574,"href":"https:\/\/ligamercedina.com\/web\/wp-json\/wp\/v2\/posts\/31561\/revisions\/31574"}],"wp:attachment":[{"href":"https:\/\/ligamercedina.com\/web\/wp-json\/wp\/v2\/media?parent=31561"}],"wp:term":[{"taxonomy":"category","embeddable":true,"href":"https:\/\/ligamercedina.com\/web\/wp-json\/wp\/v2\/categories?post=31561"},{"taxonomy":"post_tag","embeddable":true,"href":"https:\/\/ligamercedina.com\/web\/wp-json\/wp\/v2\/tags?post=31561"}],"curies":[{"name":"wp","href":"https:\/\/api.w.org\/{rel}","templated":true}]}}