{"id":31520,"date":"2023-11-04T12:55:15","date_gmt":"2023-11-04T15:55:15","guid":{"rendered":"https:\/\/ligamercedina.com\/web\/?p=31520"},"modified":"2023-11-04T12:55:15","modified_gmt":"2023-11-04T15:55:15","slug":"suspendido","status":"publish","type":"post","link":"https:\/\/ligamercedina.com\/web\/suspendido\/","title":{"rendered":"SUSPENDIDO"},"content":{"rendered":"<p>Se informa la suspensi\u00f3n provisional de los jugadores<br \/>\nGuzm\u00e1n, Maximiliano (AMEFIP)<br \/>\nV\u00e1zquez, Agust\u00edn (Atl. Gral. Rodr\u00edguez)<\/p>\n","protected":false},"excerpt":{"rendered":"<p>Se informa la suspensi\u00f3n provisional de los jugadores Guzm\u00e1n, Maximiliano (AMEFIP) V\u00e1zquez, Agust\u00edn (Atl. Gral. Rodr\u00edguez)<\/p>\n","protected":false},"author":2,"featured_media":0,"comment_status":"open","ping_status":"open","sticky":false,"template":"","format":"standard","meta":{"footnotes":""},"categories":[4],"tags":[],"class_list":["post-31520","post","type-post","status-publish","format-standard","hentry","category-informaciongeneral"],"_links":{"self":[{"href":"https:\/\/ligamercedina.com\/web\/wp-json\/wp\/v2\/posts\/31520","targetHints":{"allow":["GET"]}}],"collection":[{"href":"https:\/\/ligamercedina.com\/web\/wp-json\/wp\/v2\/posts"}],"about":[{"href":"https:\/\/ligamercedina.com\/web\/wp-json\/wp\/v2\/types\/post"}],"author":[{"embeddable":true,"href":"https:\/\/ligamercedina.com\/web\/wp-json\/wp\/v2\/users\/2"}],"replies":[{"embeddable":true,"href":"https:\/\/ligamercedina.com\/web\/wp-json\/wp\/v2\/comments?post=31520"}],"version-history":[{"count":1,"href":"https:\/\/ligamercedina.com\/web\/wp-json\/wp\/v2\/posts\/31520\/revisions"}],"predecessor-version":[{"id":31521,"href":"https:\/\/ligamercedina.com\/web\/wp-json\/wp\/v2\/posts\/31520\/revisions\/31521"}],"wp:attachment":[{"href":"https:\/\/ligamercedina.com\/web\/wp-json\/wp\/v2\/media?parent=31520"}],"wp:term":[{"taxonomy":"category","embeddable":true,"href":"https:\/\/ligamercedina.com\/web\/wp-json\/wp\/v2\/categories?post=31520"},{"taxonomy":"post_tag","embeddable":true,"href":"https:\/\/ligamercedina.com\/web\/wp-json\/wp\/v2\/tags?post=31520"}],"curies":[{"name":"wp","href":"https:\/\/api.w.org\/{rel}","templated":true}]}}