{"id":31511,"date":"2023-11-04T09:46:19","date_gmt":"2023-11-04T12:46:19","guid":{"rendered":"https:\/\/ligamercedina.com\/web\/?p=31511"},"modified":"2023-11-08T10:19:29","modified_gmt":"2023-11-08T13:19:29","slug":"primera-segunda-adelanto-de-horarios","status":"publish","type":"post","link":"https:\/\/ligamercedina.com\/web\/primera-segunda-adelanto-de-horarios\/","title":{"rendered":"PRIMERA &#8211; SEGUNDA: ADELANTO DE HORARIOS"},"content":{"rendered":"<p><em><strong>Mi\u00e9rcoles 8 de noviembre, cancha Pabell\u00f3n Argentino<\/strong><\/em><br \/>\n21:00 hs. Pabell\u00f3n Argentino Vs. V\u00e9lez<\/p>\n<p><em><strong>Mi\u00e9rcoles 8 de noviembre, cancha El Front\u00f3n<\/strong><\/em><br \/>\n21:30 hs. El Front\u00f3n Vs. Trocha<\/p>\n<p><em><strong>Mi\u00e9rcoles 8 de noviembre, cancha Liga Mercedina<\/strong><\/em><br \/>\n19:15 hs. Uni\u00f3n Vs. Palometas<br \/>\n21:15 hs. Deportivo Gowland Vs. Atl\u00e9tico General Rodr\u00edguez<\/p>\n<p><em><strong>Jueves 9 de noviembre, cancha Liga Mercedina<\/strong><\/em><br \/>\n19:15 hs. Holanda Vs. Col\u00f3n<br \/>\n21:15 hs. Talleres Vs. La Tijera<\/p>\n<p><strong>RESERVA<\/strong><br \/>\n<em><strong>Mi\u00e9rcoles 8 de noviembre, cancha Pabell\u00f3n Argentino<\/strong><\/em><br \/>\n19:00 hs. Pabell\u00f3n Argentino Vs. V\u00e9lez<\/p>\n<p><em><strong>Mi\u00e9rcoles 8 de noviembre, cancha El Front\u00f3n<\/strong><\/em><br \/>\n19:30 hs. El Front\u00f3n Vs. Trocha<\/p>\n<p><em><strong>Mi\u00e9rcoles 8 de noviembre, cancha Uni\u00f3n<\/strong><\/em><br \/>\n19:00 hs. Deportivo Gowland Vs. Atl\u00e9tico Rodr\u00edguez<br \/>\n21:30 hs. Uni\u00f3n Vs. Palometas<\/p>\n<p><em><strong>Jueves 9 de noviembre, cancha Defensores<\/strong><\/em><br \/>\n21:30 hs. Holanda Vs. Col\u00f3n<\/p>\n<p><em><strong>Postergado<\/strong><\/em><br \/>\nTalleres Vs. La Tijera<\/p>\n","protected":false},"excerpt":{"rendered":"<p>Mi\u00e9rcoles 8 de noviembre, cancha Pabell\u00f3n Argentino 21:00 hs. Pabell\u00f3n Argentino Vs. V\u00e9lez Mi\u00e9rcoles 8 de noviembre, cancha El Front\u00f3n 21:30 hs. El Front\u00f3n Vs. Trocha Mi\u00e9rcoles 8 de noviembre, cancha Liga Mercedina 19:15 hs. Uni\u00f3n Vs. Palometas 21:15 hs. Deportivo Gowland Vs. Atl\u00e9tico General Rodr\u00edguez Jueves 9 de noviembre, cancha Liga Mercedina 19:15 hs. Holanda Vs. Col\u00f3n 21:15 hs.<\/p>\n","protected":false},"author":2,"featured_media":0,"comment_status":"open","ping_status":"open","sticky":false,"template":"","format":"standard","meta":{"footnotes":""},"categories":[4],"tags":[],"class_list":["post-31511","post","type-post","status-publish","format-standard","hentry","category-informaciongeneral"],"_links":{"self":[{"href":"https:\/\/ligamercedina.com\/web\/wp-json\/wp\/v2\/posts\/31511","targetHints":{"allow":["GET"]}}],"collection":[{"href":"https:\/\/ligamercedina.com\/web\/wp-json\/wp\/v2\/posts"}],"about":[{"href":"https:\/\/ligamercedina.com\/web\/wp-json\/wp\/v2\/types\/post"}],"author":[{"embeddable":true,"href":"https:\/\/ligamercedina.com\/web\/wp-json\/wp\/v2\/users\/2"}],"replies":[{"embeddable":true,"href":"https:\/\/ligamercedina.com\/web\/wp-json\/wp\/v2\/comments?post=31511"}],"version-history":[{"count":7,"href":"https:\/\/ligamercedina.com\/web\/wp-json\/wp\/v2\/posts\/31511\/revisions"}],"predecessor-version":[{"id":31539,"href":"https:\/\/ligamercedina.com\/web\/wp-json\/wp\/v2\/posts\/31511\/revisions\/31539"}],"wp:attachment":[{"href":"https:\/\/ligamercedina.com\/web\/wp-json\/wp\/v2\/media?parent=31511"}],"wp:term":[{"taxonomy":"category","embeddable":true,"href":"https:\/\/ligamercedina.com\/web\/wp-json\/wp\/v2\/categories?post=31511"},{"taxonomy":"post_tag","embeddable":true,"href":"https:\/\/ligamercedina.com\/web\/wp-json\/wp\/v2\/tags?post=31511"}],"curies":[{"name":"wp","href":"https:\/\/api.w.org\/{rel}","templated":true}]}}