{"id":31476,"date":"2023-11-01T14:01:19","date_gmt":"2023-11-01T17:01:19","guid":{"rendered":"https:\/\/ligamercedina.com\/web\/?p=31476"},"modified":"2023-11-03T12:24:37","modified_gmt":"2023-11-03T15:24:37","slug":"femenino-horarios-para-el-fin-de-semana-9","status":"publish","type":"post","link":"https:\/\/ligamercedina.com\/web\/femenino-horarios-para-el-fin-de-semana-9\/","title":{"rendered":"FEMENINO: HORARIOS PARA EL FIN DE SEMANA"},"content":{"rendered":"<p><em><strong>S\u00e1bado 4 de noviembre, cancha Mercedes<\/strong><\/em><br \/>\n13:00 hs. Mercedes Vs. La Tijera\u00a0<span style=\"color: #ff0000;\"><strong>-SUSPENDIDO-<\/strong><\/span><\/p>\n<p><em><strong>S\u00e1bado 4 de noviembre, cancha Flandria<\/strong><\/em><br \/>\n13:00 hs. Flandria Vs. Uni\u00f3n<\/p>\n<p><em><strong>S\u00e1bado 4 de noviembre, cancha Atl\u00e9tico Marcos Paz<\/strong><\/em><br \/>\n14:00 hs. Atl\u00e9tico Marcos Paz Vs. Trocha<span style=\"color: #ff0000;\"><strong>-SUSPENDIDO-<\/strong><\/span><\/p>\n<p><em><strong>S\u00e1bado 4 de noviembre, cancha Palometas <\/strong><\/em><br \/>\n20:00 hs. Palometas Vs. Los Carteros <span style=\"color: #ff0000;\"><strong>-SUSPENDIDO-<\/strong><\/span><\/p>\n<p><em><strong>Domingo 5 de noviembre, cancha Defensores<\/strong><\/em><br \/>\n15:00 hs. Defensores Vs. Gowland<\/p>\n<p><em><strong>Domingo 5 de noviembre, cancha Pabell\u00f3n Argentino<\/strong><\/em><br \/>\n19:30 hs. Pabell\u00f3n Argentino Vs. El Front\u00f3n<\/p>\n<p><em><strong>Suspendido, pasa al Tribunal<\/strong><\/em><br \/>\nEl Tim\u00f3n Vs. AMEFIP<\/p>\n","protected":false},"excerpt":{"rendered":"<p>S\u00e1bado 4 de noviembre, cancha Mercedes 13:00 hs. Mercedes Vs. La Tijera\u00a0-SUSPENDIDO- S\u00e1bado 4 de noviembre, cancha Flandria 13:00 hs. Flandria Vs. Uni\u00f3n S\u00e1bado 4 de noviembre, cancha Atl\u00e9tico Marcos Paz 14:00 hs. Atl\u00e9tico Marcos Paz Vs. Trocha-SUSPENDIDO- S\u00e1bado 4 de noviembre, cancha Palometas 20:00 hs. Palometas Vs. Los Carteros -SUSPENDIDO- Domingo 5 de noviembre, cancha Defensores 15:00 hs. Defensores<\/p>\n","protected":false},"author":2,"featured_media":0,"comment_status":"open","ping_status":"open","sticky":false,"template":"","format":"standard","meta":{"footnotes":""},"categories":[4],"tags":[],"class_list":["post-31476","post","type-post","status-publish","format-standard","hentry","category-informaciongeneral"],"_links":{"self":[{"href":"https:\/\/ligamercedina.com\/web\/wp-json\/wp\/v2\/posts\/31476","targetHints":{"allow":["GET"]}}],"collection":[{"href":"https:\/\/ligamercedina.com\/web\/wp-json\/wp\/v2\/posts"}],"about":[{"href":"https:\/\/ligamercedina.com\/web\/wp-json\/wp\/v2\/types\/post"}],"author":[{"embeddable":true,"href":"https:\/\/ligamercedina.com\/web\/wp-json\/wp\/v2\/users\/2"}],"replies":[{"embeddable":true,"href":"https:\/\/ligamercedina.com\/web\/wp-json\/wp\/v2\/comments?post=31476"}],"version-history":[{"count":4,"href":"https:\/\/ligamercedina.com\/web\/wp-json\/wp\/v2\/posts\/31476\/revisions"}],"predecessor-version":[{"id":31496,"href":"https:\/\/ligamercedina.com\/web\/wp-json\/wp\/v2\/posts\/31476\/revisions\/31496"}],"wp:attachment":[{"href":"https:\/\/ligamercedina.com\/web\/wp-json\/wp\/v2\/media?parent=31476"}],"wp:term":[{"taxonomy":"category","embeddable":true,"href":"https:\/\/ligamercedina.com\/web\/wp-json\/wp\/v2\/categories?post=31476"},{"taxonomy":"post_tag","embeddable":true,"href":"https:\/\/ligamercedina.com\/web\/wp-json\/wp\/v2\/tags?post=31476"}],"curies":[{"name":"wp","href":"https:\/\/api.w.org\/{rel}","templated":true}]}}