{"id":314,"date":"2007-12-13T09:35:52","date_gmt":"2007-12-13T12:35:52","guid":{"rendered":"https:\/\/ligamercedina.com\/?p=314"},"modified":"2007-12-13T09:35:52","modified_gmt":"2007-12-13T12:35:52","slug":"tres-ligas-la-final-de-sub-17-va-el-sabado-a-las-15","status":"publish","type":"post","link":"https:\/\/ligamercedina.com\/web\/tres-ligas-la-final-de-sub-17-va-el-sabado-a-las-15\/","title":{"rendered":"TRES LIGAS: LA FINAL DE SUB 17 VA EL SABADO A LAS 15"},"content":{"rendered":"<p><strong>Finalmente, en la noche de este mi\u00e9rcoles se confirm\u00f3 que el partido final de ida entre Ferroviarios de Z\u00e1rate y Club Mercedes se jugar\u00e1 el pr\u00f3ximo s\u00e1bado a partir de las 15 horas en cancha de Belgrano.<\/strong><\/p>\n","protected":false},"excerpt":{"rendered":"<p>Finalmente, en la noche de este mi\u00e9rcoles se confirm\u00f3 que el partido final de ida entre Ferroviarios de Z\u00e1rate y Club Mercedes se jugar\u00e1 el pr\u00f3ximo s\u00e1bado a partir de las 15 horas en cancha de Belgrano.<\/p>\n","protected":false},"author":1,"featured_media":0,"comment_status":"open","ping_status":"open","sticky":false,"template":"","format":"standard","meta":{"footnotes":""},"categories":[4],"tags":[],"class_list":["post-314","post","type-post","status-publish","format-standard","hentry","category-informaciongeneral"],"_links":{"self":[{"href":"https:\/\/ligamercedina.com\/web\/wp-json\/wp\/v2\/posts\/314","targetHints":{"allow":["GET"]}}],"collection":[{"href":"https:\/\/ligamercedina.com\/web\/wp-json\/wp\/v2\/posts"}],"about":[{"href":"https:\/\/ligamercedina.com\/web\/wp-json\/wp\/v2\/types\/post"}],"author":[{"embeddable":true,"href":"https:\/\/ligamercedina.com\/web\/wp-json\/wp\/v2\/users\/1"}],"replies":[{"embeddable":true,"href":"https:\/\/ligamercedina.com\/web\/wp-json\/wp\/v2\/comments?post=314"}],"version-history":[{"count":0,"href":"https:\/\/ligamercedina.com\/web\/wp-json\/wp\/v2\/posts\/314\/revisions"}],"wp:attachment":[{"href":"https:\/\/ligamercedina.com\/web\/wp-json\/wp\/v2\/media?parent=314"}],"wp:term":[{"taxonomy":"category","embeddable":true,"href":"https:\/\/ligamercedina.com\/web\/wp-json\/wp\/v2\/categories?post=314"},{"taxonomy":"post_tag","embeddable":true,"href":"https:\/\/ligamercedina.com\/web\/wp-json\/wp\/v2\/tags?post=314"}],"curies":[{"name":"wp","href":"https:\/\/api.w.org\/{rel}","templated":true}]}}