{"id":31338,"date":"2023-10-11T23:36:46","date_gmt":"2023-10-12T02:36:46","guid":{"rendered":"https:\/\/ligamercedina.com\/web\/?p=31338"},"modified":"2023-10-16T12:37:31","modified_gmt":"2023-10-16T15:37:31","slug":"primera-segunda-programa-de-partidos-desde-el-jueves-12-al-jueves-19-con-modificaciones","status":"publish","type":"post","link":"https:\/\/ligamercedina.com\/web\/primera-segunda-programa-de-partidos-desde-el-jueves-12-al-jueves-19-con-modificaciones\/","title":{"rendered":"PRIMERA &#8211; SEGUNDA: PROGRAMA DE PARTIDOS DESDE EL JUEVES 12 AL JUEVES 19 CON MODIFICACIONES"},"content":{"rendered":"<p><em><strong>Jueves 12 de octubre, cancha Liga Mercedina<\/strong><\/em><br \/>\n19:30 hs. Deportivo Gowland Vs. Palometas<br \/>\n21:30 hs. Trocha Vs. Carteros<\/p>\n<p><em><strong>Viernes 13 de octubre, cancha El Tim\u00f3n<\/strong><\/em><br \/>\n13:00 hs. El Tim\u00f3n Vs. Pabell\u00f3n Argentino<\/p>\n<p><em><strong>Viernes 13 de octubre, cancha El Front\u00f3n<\/strong><\/em><br \/>\n15:00 hs. El Front\u00f3n Vs. All Haz<\/p>\n<p><em><strong>Viernes 13 de octubre, cancha Liga Mercedina<\/strong><\/em><br \/>\n14:00 hs. Col\u00f3n Vs. Atl\u00e9tico Gral. Rodr\u00edguez<br \/>\n16:00 hs. Talleres Vs. Atl\u00e9tico Marcos Paz<br \/>\n18:00 hs. AMEFIP Vs. Defensores<\/p>\n<p><em><strong>Viernes 13 de octubre, cancha V\u00e9lez Sarsfield<\/strong><\/em><br \/>\n16:00 hs. V\u00e9lez Sarsfield Vs. Quilmes<\/p>\n<p><em><strong>Viernes 13 de octubre, cancha Estudiantes<\/strong><\/em><br \/>\n16:00 hs. Estudiantes Vs. Ateneo<\/p>\n<p><em><strong>Viernes 13 de octubre, cancha Juventud<\/strong><\/em><br \/>\n17:00 hs. Juventud Vs. Mercedes<\/p>\n<p><em><strong>Lunes 16 de octubre, cancha Liga Mercedina<\/strong><\/em><br \/>\n13:00 hs. Mercedes Vs. El Tim\u00f3n<br \/>\n15:00 hs. Defensores Vs. El Front\u00f3n<br \/>\n17:00 hs. Holanda Vs. Atl\u00e9tico Gral. Rodr\u00edguez<br \/>\n19:00 hs. Ateneo Vs. V\u00e9lez<\/p>\n<p><em><strong>Lunes 16 de octubre, cancha Quilmes <\/strong><\/em><br \/>\n13:00 hs. All Haz Vs. Pabell\u00f3n Argentino<br \/>\n15:00 hs. Col\u00f3n Vs. Talleres<br \/>\n17:00 hs. Quilmes Vs. Trocha<\/p>\n<p><em><strong>Lunes 16 de octubre, cancha Estudiantes<\/strong><\/em><br \/>\n16:00 hs. Estudiantes Vs. Juventud<\/p>\n<p><em><strong>Lunes 16 de octubre, cancha Atl\u00e9tico Marcos Paz<\/strong><\/em><br \/>\n16:00 hs. Atl\u00e9tico Marcos Paz Vs. Palometas<\/p>\n<p><em><strong>Jueves 19 de octubre, cancha Liga Mercedina<\/strong><\/em><br \/>\n19:30 hs. Uni\u00f3n Vs. La Tijera<br \/>\n21:30 hs. Los Carteros Vs. AMEFIP<\/p>\n<p><em><strong>Postergado, se jugar\u00eda el martes 24<\/strong><\/em><br \/>\nLa Tijera Vs. Deportivo Gowland<\/p>\n","protected":false},"excerpt":{"rendered":"<p>Jueves 12 de octubre, cancha Liga Mercedina 19:30 hs. Deportivo Gowland Vs. Palometas 21:30 hs. Trocha Vs. Carteros Viernes 13 de octubre, cancha El Tim\u00f3n 13:00 hs. El Tim\u00f3n Vs. Pabell\u00f3n Argentino Viernes 13 de octubre, cancha El Front\u00f3n 15:00 hs. El Front\u00f3n Vs. All Haz Viernes 13 de octubre, cancha Liga Mercedina 14:00 hs. Col\u00f3n Vs. Atl\u00e9tico Gral. Rodr\u00edguez<\/p>\n","protected":false},"author":2,"featured_media":0,"comment_status":"open","ping_status":"open","sticky":false,"template":"","format":"standard","meta":{"footnotes":""},"categories":[4],"tags":[],"class_list":["post-31338","post","type-post","status-publish","format-standard","hentry","category-informaciongeneral"],"_links":{"self":[{"href":"https:\/\/ligamercedina.com\/web\/wp-json\/wp\/v2\/posts\/31338","targetHints":{"allow":["GET"]}}],"collection":[{"href":"https:\/\/ligamercedina.com\/web\/wp-json\/wp\/v2\/posts"}],"about":[{"href":"https:\/\/ligamercedina.com\/web\/wp-json\/wp\/v2\/types\/post"}],"author":[{"embeddable":true,"href":"https:\/\/ligamercedina.com\/web\/wp-json\/wp\/v2\/users\/2"}],"replies":[{"embeddable":true,"href":"https:\/\/ligamercedina.com\/web\/wp-json\/wp\/v2\/comments?post=31338"}],"version-history":[{"count":4,"href":"https:\/\/ligamercedina.com\/web\/wp-json\/wp\/v2\/posts\/31338\/revisions"}],"predecessor-version":[{"id":31368,"href":"https:\/\/ligamercedina.com\/web\/wp-json\/wp\/v2\/posts\/31338\/revisions\/31368"}],"wp:attachment":[{"href":"https:\/\/ligamercedina.com\/web\/wp-json\/wp\/v2\/media?parent=31338"}],"wp:term":[{"taxonomy":"category","embeddable":true,"href":"https:\/\/ligamercedina.com\/web\/wp-json\/wp\/v2\/categories?post=31338"},{"taxonomy":"post_tag","embeddable":true,"href":"https:\/\/ligamercedina.com\/web\/wp-json\/wp\/v2\/tags?post=31338"}],"curies":[{"name":"wp","href":"https:\/\/api.w.org\/{rel}","templated":true}]}}