{"id":31325,"date":"2023-10-10T11:24:40","date_gmt":"2023-10-10T14:24:40","guid":{"rendered":"https:\/\/ligamercedina.com\/web\/?p=31325"},"modified":"2023-10-10T11:24:40","modified_gmt":"2023-10-10T14:24:40","slug":"femenino-masculino-reserva-horarios-para-el-viernes","status":"publish","type":"post","link":"https:\/\/ligamercedina.com\/web\/femenino-masculino-reserva-horarios-para-el-viernes\/","title":{"rendered":"FEMENINO &#8211; MASCULINO &#8211; RESERVA: HORARIOS PARA EL VIERNES"},"content":{"rendered":"<h2 style=\"text-align: center;\"><span style=\"color: #ff0000;\"><strong>PRIMERA<\/strong><\/span><\/h2>\n<p><em><strong>Jueves 12 de octubre, cancha Liga Mercedina<\/strong><\/em><br \/>\n19:30 hs. Deportivo Gowland Vs. Palometas<br \/>\n21:30 hs. Trocha Vs. Carteros<\/p>\n<p><em><strong>Viernes 13 de octubre, cancha El Tim\u00f3n<\/strong><\/em><br \/>\n13:00 hs. El Tim\u00f3n Vs. Pabell\u00f3n Argentino<\/p>\n<p><em><strong>Viernes 13 de octubre, cancha El Front\u00f3n<\/strong><\/em><br \/>\n15:00 hs. El Front\u00f3n Vs. All Haz<\/p>\n<p><em><strong>Viernes 13 de octubre, cancha Liga Mercedina<\/strong><\/em><br \/>\n14:00 hs. Col\u00f3n Vs. Atl\u00e9tico Gral. Rodr\u00edguez<br \/>\n16:00 hs. Uni\u00f3n Vs. La Tijera<br \/>\n18:00 hs. AMEFIP Vs. Defensores<\/p>\n<p><em><strong>Viernes 13 de octubre, cancha V\u00e9lez Sarsfield<\/strong><\/em><br \/>\n14:00 hs. Talleres Vs. Atl\u00e9tico Marcos Paz<br \/>\n16:00 hs. V\u00e9lez Sarsfield Vs. Quilmes<\/p>\n<p><strong>Viernes 13 de octubre, cancha Estudiantes<\/strong><br \/>\n16:00 hs. Estudiantes Vs. Ateneo<\/p>\n<p><em><strong>Viernes 13 de octubre, cancha Juventud<\/strong><\/em><br \/>\n17:00 hs. Juventud Vs. Mercedes<\/p>\n<p>&nbsp;<\/p>\n<h2 style=\"text-align: center;\"><span style=\"color: #ff0000;\"><strong>RESERVA<\/strong><\/span><\/h2>\n<p>&nbsp;<\/p>\n<p><em><strong>Viernes 13 de octubre, cancha El Front\u00f3n<\/strong><\/em><br \/>\n13:00 hs. El Front\u00f3n Vs. All Haz<\/p>\n<p><em><strong>Viernes 13 de octubre, cancha Estudiantes<\/strong><\/em><br \/>\n14:00 hs. Estudiantes Vs. Ateneo<\/p>\n<p><em><strong>Viernes 13 de octubre, cancha Trocha<\/strong><\/em><br \/>\n13:30 hs. Deportivo Gowland Vs. Palometas<br \/>\n15:30 hs. Trocha Vs. Carteros<br \/>\n17:30 hs. Col\u00f3n Vs. Atl\u00e9tico General Rodr\u00edguez<\/p>\n<p><em><strong>Viernes 13 de octubre, cancha Uni\u00f3n<\/strong><\/em><br \/>\n13:00 hs. V\u00e9lez Vs. Quilmes<br \/>\n16:45 hs. Talles Vs. Atl\u00e9tico Marcos Paz<br \/>\n19:00 hs. Uni\u00f3n Vs. La Tijera<\/p>\n<p><em><strong>Viernes 13 de octubre, cancha El Tim\u00f3n<\/strong><\/em><br \/>\n15:00 hs. El Tim\u00f3n Vs. Pabell\u00f3n Argentino<\/p>\n<p><em><strong>Viernes 13 de octubre, cancha Juventud<\/strong><\/em><br \/>\n15:00 hs. Juventud Vs. Mercedes<\/p>\n<p><em><strong>Viernes 13 de octubre, cancha Liga<\/strong><\/em><br \/>\n20:00 hs. AMEFIP Vs. Defensores<\/p>\n<p>&nbsp;<\/p>\n<h2 style=\"text-align: center;\"><span style=\"color: #ff0000;\"><strong>FEMENINO PRIMERA DIVISION<\/strong><\/span><\/h2>\n<p>&nbsp;<\/p>\n<p><em><strong>Viernes 13 de octubre, cancha Atl\u00e9tico Marcos Paz<\/strong><\/em><br \/>\n16:00 hs. Atl\u00e9tico Marcos Paz Vs. Pabell\u00f3n Argentino<\/p>\n<p><em><strong>Viernes 13 de octubre, cancha El Tim\u00f3n<\/strong><\/em><br \/>\n16:45 hs. El Tim\u00f3n Vs. El Front\u00f3n<\/p>\n<p><em><strong>Viernes 13 de octubre, cancha V\u00e9lez<\/strong><\/em><br \/>\n18:00 hs. V\u00e9lez Vs. Los Carteros<\/p>\n<p><em><strong>Viernes 13 de octubre, cancha La Tijera<\/strong><\/em><br \/>\n19:30 hs. La Tijera Vs. Uni\u00f3n<\/p>\n<p><em><strong>Viernes 13 de octubre, cancha Flandria <\/strong><\/em><br \/>\n20:00 hs. Flandria Vs. Deportivo Gowland<\/p>\n<p><em><strong>Viernes 13 de octubre, cancha Palometas<\/strong><\/em><br \/>\n20:30 hs. Palometas Vs. Defensores<\/p>\n<p><strong>Postergado<\/strong><br \/>\nMercedes Vs. Trocha<\/p>\n","protected":false},"excerpt":{"rendered":"<p>PRIMERA Jueves 12 de octubre, cancha Liga Mercedina 19:30 hs. Deportivo Gowland Vs. Palometas 21:30 hs. Trocha Vs. Carteros Viernes 13 de octubre, cancha El Tim\u00f3n 13:00 hs. El Tim\u00f3n Vs. Pabell\u00f3n Argentino Viernes 13 de octubre, cancha El Front\u00f3n 15:00 hs. El Front\u00f3n Vs. All Haz Viernes 13 de octubre, cancha Liga Mercedina 14:00 hs. Col\u00f3n Vs. Atl\u00e9tico Gral.<\/p>\n","protected":false},"author":2,"featured_media":0,"comment_status":"open","ping_status":"open","sticky":false,"template":"","format":"standard","meta":{"footnotes":""},"categories":[4],"tags":[],"class_list":["post-31325","post","type-post","status-publish","format-standard","hentry","category-informaciongeneral"],"_links":{"self":[{"href":"https:\/\/ligamercedina.com\/web\/wp-json\/wp\/v2\/posts\/31325","targetHints":{"allow":["GET"]}}],"collection":[{"href":"https:\/\/ligamercedina.com\/web\/wp-json\/wp\/v2\/posts"}],"about":[{"href":"https:\/\/ligamercedina.com\/web\/wp-json\/wp\/v2\/types\/post"}],"author":[{"embeddable":true,"href":"https:\/\/ligamercedina.com\/web\/wp-json\/wp\/v2\/users\/2"}],"replies":[{"embeddable":true,"href":"https:\/\/ligamercedina.com\/web\/wp-json\/wp\/v2\/comments?post=31325"}],"version-history":[{"count":1,"href":"https:\/\/ligamercedina.com\/web\/wp-json\/wp\/v2\/posts\/31325\/revisions"}],"predecessor-version":[{"id":31326,"href":"https:\/\/ligamercedina.com\/web\/wp-json\/wp\/v2\/posts\/31325\/revisions\/31326"}],"wp:attachment":[{"href":"https:\/\/ligamercedina.com\/web\/wp-json\/wp\/v2\/media?parent=31325"}],"wp:term":[{"taxonomy":"category","embeddable":true,"href":"https:\/\/ligamercedina.com\/web\/wp-json\/wp\/v2\/categories?post=31325"},{"taxonomy":"post_tag","embeddable":true,"href":"https:\/\/ligamercedina.com\/web\/wp-json\/wp\/v2\/tags?post=31325"}],"curies":[{"name":"wp","href":"https:\/\/api.w.org\/{rel}","templated":true}]}}