{"id":31276,"date":"2023-10-04T09:59:28","date_gmt":"2023-10-04T12:59:28","guid":{"rendered":"https:\/\/ligamercedina.com\/web\/?p=31276"},"modified":"2023-10-06T09:24:34","modified_gmt":"2023-10-06T12:24:34","slug":"31276-2","status":"publish","type":"post","link":"https:\/\/ligamercedina.com\/web\/31276-2\/","title":{"rendered":"PROGRAMA DE PARTIDOS PARA EL PROXIMO FIN DE SEMANA EN TODAS LAS DIVISIONES"},"content":{"rendered":"<h3 style=\"text-align: center;\"><span style=\"color: #ff0000;\"><strong>PRIMERA DIVISION<\/strong><\/span><\/h3>\n<p>&nbsp;<\/p>\n<p><em><strong>Viernes 6 de octubre, cancha Liga Mercedina<\/strong><\/em><br \/>\n19:30 hs. Holanda Vs. Deportivo Gowland<br \/>\n21:30 hs. All Haz Vs. Los Carteros<\/p>\n<p><em><strong>S\u00e1bado 7 de octubre, cancha Atl\u00e9tico General Rodr\u00edguez<\/strong><\/em><br \/>\n16:00 hs. Atl\u00e9tico Rodr\u00edguez Vs. Palometas<\/p>\n<p><em><strong>S\u00e1bado 7 de octubre, cancha Liga Mercedina<\/strong><\/em><br \/>\n13:30 hs. Col\u00f3n Vs. Atl\u00e9tico Marcos Paz<br \/>\n15:30 hs. Ateneo Vs. Mercedes<br \/>\n17:30 hs. Trocha Vs. AMEFIP<br \/>\n19:30 hs. Defensores Vs. Juventud<\/p>\n<p><em><strong>S\u00e1bado 7 de octubre cancha El Front\u00f3n<\/strong><\/em><br \/>\n15:00 hs. El Front\u00f3n Vs. V\u00e9lez<\/p>\n<p><em><strong>Domingo 8 de octubre, cancha Quilmes<\/strong><\/em><br \/>\n14:00 hs. Uni\u00f3n Vs. Talleres<br \/>\n16:00 hs. Quilmes Vs. El Tim\u00f3n<\/p>\n<p><em><strong>Domingo 8 de octubre, cancha Pabell\u00f3n Argentino<\/strong><\/em><br \/>\n15:30 hs. Pabell\u00f3n Argentino Vs. Estudiantes<\/p>\n<p>&nbsp;<\/p>\n<h3 style=\"text-align: center;\"><span style=\"color: #ff0000;\"><strong>RESERVA<\/strong><\/span><\/h3>\n<p>&nbsp;<\/p>\n<p><em><strong>Viernes 6 de octubre, cancha Los Carteros<\/strong><\/em><br \/>\n19:00 hs. All Haz Vs. Los Carteros<\/p>\n<p><em><strong>S\u00e1bado 7 de octubre, cancha Los Carteros<\/strong><\/em><br \/>\n13:30 hs. Holanda Vs. Deportivo Gowland<br \/>\n15:30 hs. Defensores Vs. Juventud<\/p>\n<p><em><strong>S\u00e1bado 7 de octubre, cancha Atl\u00e9tico General Rodr\u00edguez<\/strong><\/em><br \/>\n14:00 hs. Atl\u00e9tico Rodr\u00edguez Vs. Palometas<\/p>\n<p><em><strong>S\u00e1bado 7 de octubre, cancha V\u00e9lez<\/strong><\/em><br \/>\n16:30 hs. Col\u00f3n Vs. Atl\u00e9tico Marcos Paz<\/p>\n<p><em><strong>S\u00e1bado 7 de octubre cancha El Front\u00f3n<\/strong><\/em><br \/>\n17:00 hs. El Front\u00f3n Vs. V\u00e9lez<\/p>\n<p><em><strong>S\u00e1bado 7 de octubre, cancha Uni\u00f3n<\/strong><\/em><br \/>\n19:15 hs. Uni\u00f3n Vs. Talleres<\/p>\n<p><em><strong>Domingo 8 de octubre, cancha Ateneo<\/strong><\/em><br \/>\n15:00 hs. Ateneo Vs. Mercedes<\/p>\n<p><em><strong>Domingo 8 de octubre, cancha Trocha<\/strong><\/em><br \/>\n17:00 hs. Trocha Vs. AMEFIP<\/p>\n<p><em><strong>Domingo 8 de octubre, cancha Pabell\u00f3n Argentino<\/strong><\/em><br \/>\n17:30 hs. Pabell\u00f3n Argentino Vs. Estudiantes<\/p>\n<p><em><strong>Domingo 8 de octubre, cancha Quilmes<\/strong><\/em><br \/>\n18:00 hs. Quilmes Vs. El Tim\u00f3n<\/p>\n<p>&nbsp;<\/p>\n<h3 style=\"text-align: center;\"><span style=\"color: #ff0000;\"><strong>INFERIORES<\/strong><\/span><\/h3>\n<p>&nbsp;<\/p>\n<p><strong>El Front\u00f3n Vs. V\u00e9lez<\/strong><br \/>\n12:00 hs. Categor\u00eda 2015<br \/>\n13:00 hs. Categor\u00eda 2014<br \/>\n14:00 hs. Categor\u00eda 2013<br \/>\n15:00 hs. Categor\u00eda 2012<\/p>\n<p>10:30 hs. Categor\u00eda 2011<br \/>\n11:45 hs. Categor\u00eda 2010<br \/>\n13:00 hs. Categor\u00eda 2008<br \/>\n14:15 hs. Categor\u00eda 2009<br \/>\n15:30 hs. Categor\u00eda 5ta<\/p>\n<p><strong>Palometas Vs. Trocha<\/strong><br \/>\n13:00 hs. Categor\u00eda 2015<br \/>\n14:00 hs. Categor\u00eda 2014<br \/>\n15:00 hs. Categor\u00eda 2013<br \/>\n16:00 hs. Categor\u00eda 2012<\/p>\n<p>11:00 hs Categor\u00eda 2011<br \/>\n12:15 hs Categor\u00eda 2010<br \/>\n13:30 hs Categor\u00eda 2008<br \/>\n14:45 hs. Categor\u00eda 5\u00aa<\/p>\n<p><strong>Juventud Vs. La Tijera<\/strong><br \/>\n11:00 hs Categor\u00eda 2011<br \/>\n12:15 hs Categor\u00eda 2010<br \/>\n13:30 hs Categor\u00eda 2008<br \/>\n14:45 hs. Categor\u00eda 5\u00aa<\/p>\n<p><strong>Talleres Vs. Mercedes<\/strong><br \/>\n13:00 hs. Categor\u00eda 2015<br \/>\n14:00 hs. Categor\u00eda 2014<br \/>\n15:00 hs. Categor\u00eda 2013<br \/>\n16:00 hs. Categor\u00eda 2012<\/p>\n<p><strong>Pabell\u00f3n Argentino Vs. Mercedes<\/strong><br \/>\n11:00 hs. Categor\u00eda 2011<br \/>\n12:15 hs. Categor\u00eda 2010<br \/>\n13:30 hs. Categor\u00eda 2009<br \/>\n14:45 hs. Categor\u00eda 2008<br \/>\n16:00 hs. Categor\u00eda 5ta<\/p>\n<p><strong>Estudiantes Vs. Gowland<\/strong><br \/>\n13:00 hs. Categor\u00eda 2014<br \/>\n14:00 hs. Categor\u00eda 2013<br \/>\n15:00 hs. Categor\u00eda 2012<\/p>\n<p>11:00 hs. Categor\u00eda 2010<\/p>\n<p><strong>Estudiantes Vs. El Tim\u00f3n <\/strong><br \/>\n12:15 hs. Categor\u00eda 2009<br \/>\n13:30 hs. Categor\u00eda 2008<br \/>\n14:45 hs. Categor\u00eda 5\u00aa<\/p>\n<p><strong>Holanda Vs. Ateneo<\/strong><br \/>\n13:00 hs. Categor\u00eda 2013<br \/>\n14:00 hs. Categor\u00eda 2012<\/p>\n<p>11:00 hs. Categor\u00eda 2010<br \/>\n12:15 hs. Categor\u00eda 2008<br \/>\n13:30 hs. Categor\u00eda 5ta<\/p>\n<p><strong>Defensores Vs. Los Carteros<\/strong><br \/>\n13:00 hs. Categor\u00eda 2015<br \/>\n14:00 hs. Categor\u00eda 2014<br \/>\n15:00 hs. Categor\u00eda 2013<br \/>\n16:00 hs. Categor\u00eda 2012<\/p>\n<p>11:00 hs. Categor\u00eda 2011<br \/>\n12:15 hs. Categor\u00eda 2010<br \/>\n13:30 hs. Categor\u00eda 2009<br \/>\n16:30 hs. Categor\u00eda 5ta<br \/>\n18:00 hs. Categor\u00eda 2008<\/p>\n<p><strong>Uni\u00f3n Vs. Quilmes<\/strong><br \/>\n13:00 hs. Categor\u00eda 2015<br \/>\n14:00 hs. Categor\u00eda 2014<br \/>\n15:00 hs. Categor\u00eda 2013<br \/>\n16:00 hs. Categor\u00eda 2012<\/p>\n<p>10:30 hs Categor\u00eda 2011<br \/>\n11:45 hs Categor\u00eda 2010<br \/>\n13:00 hs Categor\u00eda 2009<br \/>\n14:15 hs Categor\u00eda 2008<br \/>\n15:30 hs. Categor\u00eda 5\u00aa<\/p>\n<p>&nbsp;<\/p>\n<h3 style=\"text-align: center;\"><span style=\"color: #ff0000;\"><strong>FEMENINO PRIMERA<\/strong><\/span><\/h3>\n<p>&nbsp;<\/p>\n<p><em><strong>Viernes 6 de octubre, cancha El Front\u00f3n<\/strong><\/em><br \/>\n20:30 hs. El Front\u00f3n Vs. Mercedes<\/p>\n<p><em><strong>S\u00e1bado 7 de octubre, cancha Defensores<\/strong><\/em><br \/>\n14:45 hs. Defensores Vs. Flandria<\/p>\n<p><em><strong>S\u00e1bado 7 de octubre, cancha Uni\u00f3n<\/strong><\/em><br \/>\n17:15 hs. AMEFIP Vs. Uni\u00f3n<\/p>\n<p><em><strong>S\u00e1bado 7 de octubre, cancha Los Carteros<\/strong><\/em><br \/>\n17:30 hs. Los Carteros Vs. La Tijera<\/p>\n<p><em><strong>Domingo 7 de octubre, cancha Trocha<\/strong><\/em><br \/>\n15:00 hs. Trocha Vs. V\u00e9lez<\/p>\n<p><em><strong>Domingo 7 de octubre, cancha Pabell\u00f3n Argentino<\/strong><\/em><br \/>\n19:30 hs. Pabell\u00f3n Argentino Vs. Palometas<\/p>\n<p><em><strong>A confirmar<\/strong><\/em><br \/>\nGowland Vs. El Tim\u00f3n<\/p>\n<p>&nbsp;<\/p>\n<h3 style=\"text-align: center;\"><span style=\"color: #ff0000;\"><strong>FEMENINO INFERIORES<\/strong><\/span><\/h3>\n<p>&nbsp;<\/p>\n<p><em><strong>S\u00e1bado 07 de Octubre, cancha Trocha<\/strong><\/em><br \/>\n11:45 hs. \u2013SUB 14- Carteros Vs. Mercedes<br \/>\n13:00 hs. \u2013SUB 14- Trocha Vs. Estudiantes<br \/>\n14:15 hs. \u2013SUB 12- Trocha Rojo Vs. Palometas Bordo<br \/>\n15:30 hs. \u2013SUB 12- Trocha Azul Vs. Mercedes Blanco<\/p>\n<p>12:00 hs. \u2013SUB 16- Defensores Vs. Flandria Amarillo<br \/>\n13:15 hs. \u2013SUB 16- Estudiantes Vs. Fronton<\/p>\n<p><em><strong>S\u00e1bado 07 de Octubre, cancha Defensores<\/strong><\/em><br \/>\n11:45 hs. \u2013SUB 12- Defensores Vs. Fronton<\/p>\n<p><em><strong>S\u00e1bado 07 de Octubre, cancha Holanda<\/strong><\/em><br \/>\n11:45 hs. \u2013SUB 12- Holanda Vs. Carteros<\/p>\n<p><em><strong>S\u00e1bado 07 de Octubre, cancha Palometas<\/strong><\/em><br \/>\n11:45 hs. \u2013SUB 12- Palometas Blanco Vs. Mercedes Negro<\/p>\n<p><strong>Libres<\/strong><br \/>\nSub 14 Palometas<br \/>\nSub 16 Flandria negro<\/p>\n","protected":false},"excerpt":{"rendered":"<p>PRIMERA DIVISION &nbsp; Viernes 6 de octubre, cancha Liga Mercedina 19:30 hs. Holanda Vs. Deportivo Gowland 21:30 hs. All Haz Vs. Los Carteros S\u00e1bado 7 de octubre, cancha Atl\u00e9tico General Rodr\u00edguez 16:00 hs. Atl\u00e9tico Rodr\u00edguez Vs. Palometas S\u00e1bado 7 de octubre, cancha Liga Mercedina 13:30 hs. Col\u00f3n Vs. Atl\u00e9tico Marcos Paz 15:30 hs. Ateneo Vs. Mercedes 17:30 hs. Trocha Vs.<\/p>\n","protected":false},"author":2,"featured_media":0,"comment_status":"open","ping_status":"open","sticky":false,"template":"","format":"standard","meta":{"footnotes":""},"categories":[4],"tags":[],"class_list":["post-31276","post","type-post","status-publish","format-standard","hentry","category-informaciongeneral"],"_links":{"self":[{"href":"https:\/\/ligamercedina.com\/web\/wp-json\/wp\/v2\/posts\/31276","targetHints":{"allow":["GET"]}}],"collection":[{"href":"https:\/\/ligamercedina.com\/web\/wp-json\/wp\/v2\/posts"}],"about":[{"href":"https:\/\/ligamercedina.com\/web\/wp-json\/wp\/v2\/types\/post"}],"author":[{"embeddable":true,"href":"https:\/\/ligamercedina.com\/web\/wp-json\/wp\/v2\/users\/2"}],"replies":[{"embeddable":true,"href":"https:\/\/ligamercedina.com\/web\/wp-json\/wp\/v2\/comments?post=31276"}],"version-history":[{"count":6,"href":"https:\/\/ligamercedina.com\/web\/wp-json\/wp\/v2\/posts\/31276\/revisions"}],"predecessor-version":[{"id":31314,"href":"https:\/\/ligamercedina.com\/web\/wp-json\/wp\/v2\/posts\/31276\/revisions\/31314"}],"wp:attachment":[{"href":"https:\/\/ligamercedina.com\/web\/wp-json\/wp\/v2\/media?parent=31276"}],"wp:term":[{"taxonomy":"category","embeddable":true,"href":"https:\/\/ligamercedina.com\/web\/wp-json\/wp\/v2\/categories?post=31276"},{"taxonomy":"post_tag","embeddable":true,"href":"https:\/\/ligamercedina.com\/web\/wp-json\/wp\/v2\/tags?post=31276"}],"curies":[{"name":"wp","href":"https:\/\/api.w.org\/{rel}","templated":true}]}}