{"id":31247,"date":"2023-09-27T11:25:20","date_gmt":"2023-09-27T14:25:20","guid":{"rendered":"https:\/\/ligamercedina.com\/web\/?p=31247"},"modified":"2023-09-27T11:25:20","modified_gmt":"2023-09-27T14:25:20","slug":"programacion-de-partidos-postergados-2","status":"publish","type":"post","link":"https:\/\/ligamercedina.com\/web\/programacion-de-partidos-postergados-2\/","title":{"rendered":"PROGRAMACION DE PARTIDOS POSTERGADOS"},"content":{"rendered":"<p><strong>Mercedes 27 de septiembre de 2023<\/p>\n<p>Debido a que el Torneo Clausura de Primera Divisi\u00f3n y su Reserva comienzan a transitar m\u00e1s del cincuenta por ciento de la competencia y que se encuentran en etapa de definiciones, la Mesa Directiva Dispone la realizaci\u00f3n de los partidos postergados para el pr\u00f3ximo mi\u00e9rcoles 4 de octubre, con el siguiente cronograma:<\/strong><\/p>\n<p><strong>PRIMERA DIVISION<\/strong><br \/>\n<em><strong>Cancha Liga Mercedina<\/strong><\/em><br \/>\n19:30 hs. Trocha Vs. Ateneo<br \/>\n21:30 hs. Defensores Vs. Pabell\u00f3n Argentino<\/p>\n<p><strong>RESERVA<\/strong><br \/>\n<em><strong>Cancha Defensores<\/strong><\/em><br \/>\n19:00 hs. Defensores Vs. Pabell\u00f3n Argentino<\/p>\n<p>El partido entre Trocha podr\u00e1 jugarse martes o mi\u00e9rcoles, con acuerdo de ambas instituciones. De no existir el mismo,  se disputar\u00e1 el d\u00eda martes a las 20 horas en cancha de Club Trocha.-<\/p>\n","protected":false},"excerpt":{"rendered":"<p>Mercedes 27 de septiembre de 2023 Debido a que el Torneo Clausura de Primera Divisi\u00f3n y su Reserva comienzan a transitar m\u00e1s del cincuenta por ciento de la competencia y que se encuentran en etapa de definiciones, la Mesa Directiva Dispone la realizaci\u00f3n de los partidos postergados para el pr\u00f3ximo mi\u00e9rcoles 4 de octubre, con el siguiente cronograma: PRIMERA DIVISION<\/p>\n","protected":false},"author":2,"featured_media":0,"comment_status":"open","ping_status":"open","sticky":false,"template":"","format":"standard","meta":{"footnotes":""},"categories":[4],"tags":[],"class_list":["post-31247","post","type-post","status-publish","format-standard","hentry","category-informaciongeneral"],"_links":{"self":[{"href":"https:\/\/ligamercedina.com\/web\/wp-json\/wp\/v2\/posts\/31247","targetHints":{"allow":["GET"]}}],"collection":[{"href":"https:\/\/ligamercedina.com\/web\/wp-json\/wp\/v2\/posts"}],"about":[{"href":"https:\/\/ligamercedina.com\/web\/wp-json\/wp\/v2\/types\/post"}],"author":[{"embeddable":true,"href":"https:\/\/ligamercedina.com\/web\/wp-json\/wp\/v2\/users\/2"}],"replies":[{"embeddable":true,"href":"https:\/\/ligamercedina.com\/web\/wp-json\/wp\/v2\/comments?post=31247"}],"version-history":[{"count":1,"href":"https:\/\/ligamercedina.com\/web\/wp-json\/wp\/v2\/posts\/31247\/revisions"}],"predecessor-version":[{"id":31248,"href":"https:\/\/ligamercedina.com\/web\/wp-json\/wp\/v2\/posts\/31247\/revisions\/31248"}],"wp:attachment":[{"href":"https:\/\/ligamercedina.com\/web\/wp-json\/wp\/v2\/media?parent=31247"}],"wp:term":[{"taxonomy":"category","embeddable":true,"href":"https:\/\/ligamercedina.com\/web\/wp-json\/wp\/v2\/categories?post=31247"},{"taxonomy":"post_tag","embeddable":true,"href":"https:\/\/ligamercedina.com\/web\/wp-json\/wp\/v2\/tags?post=31247"}],"curies":[{"name":"wp","href":"https:\/\/api.w.org\/{rel}","templated":true}]}}