{"id":31204,"date":"2023-09-25T22:42:16","date_gmt":"2023-09-26T01:42:16","guid":{"rendered":"https:\/\/ligamercedina.com\/web\/?p=31204"},"modified":"2023-09-29T09:25:28","modified_gmt":"2023-09-29T12:25:28","slug":"programa-de-partidos-para-el-fin-de-semana-en-todas-las-divisiones","status":"publish","type":"post","link":"https:\/\/ligamercedina.com\/web\/programa-de-partidos-para-el-fin-de-semana-en-todas-las-divisiones\/","title":{"rendered":"PROGRAMA DE PARTIDOS PARA EL FIN DE SEMANA EN TODAS LAS DIVISIONES"},"content":{"rendered":"<p><strong>El presente es el programa de partidos que se va actualizando de acuerdo a las confirmaciones informadas por los distintos delegados<\/strong><\/p>\n<h3 style=\"text-align: center;\"><strong>PROGRAMA DE PARTIDOS SABADO 30 Y DOMINGO 1<\/strong><\/h3>\n<h2 style=\"text-align: center;\"><span style=\"color: #ff0000;\"><strong>PRIMERA DIVISION<\/strong><\/span><\/h2>\n<p><em><strong>S\u00e1bado 30 de septiembre, cancha Liga Mercedina<\/strong><\/em><br \/>\n13:00 hs. Talleres Vs. Holanda<br \/>\n15:00 hs. V\u00e9lez Vs. Los Carteros<br \/>\n17:00 hs. AMEFIP Vs. All Haz<br \/>\n19:00 hs. Mercedes Vs. Pabell\u00f3n Argentino<br \/>\n21:00 hs. Defensores Vs. Trocha<\/p>\n<p><em><strong>S\u00e1bado 30 de septiembre, cancha V\u00e9lez Sarsfield<\/strong><\/em><br \/>\n13:00 hs. Deportivo Gowland Vs. Uni\u00f3n<br \/>\n15:00 hs. Col\u00f3n Vs. Palometas<br \/>\n17:00 hs. El Tim\u00f3n Vs. El Front\u00f3n<\/p>\n<p><em><strong>S\u00e1bado 30 de septiembre, cancha Estudiantes<\/strong><\/em><br \/>\n15:45 hs. Estudiantes Vs. Quilmes<\/p>\n<p><em><strong>S\u00e1bado 30 de septiembre, cancha Juventud<\/strong><\/em><br \/>\n17:00 hs. Juventud Vs. Ateneo<\/p>\n<p><em><strong>Domingo 1 de octubre, cancha Atl\u00e9tico Marcos Paz<\/strong><\/em><br \/>\n16:00 hs. Atl\u00e9tico Marcos Paz Vs. La Tijera<\/p>\n<h2 style=\"text-align: center;\"><span style=\"color: #ff0000;\">RESERVA<\/span><\/h2>\n<p><em><strong>S\u00e1bado 30 de septiembre, cancha Los Carteros<\/strong><\/em><br \/>\n14:00 hs. AMEFIP Vs. All Haz<br \/>\n16:00 hs. Talleres Vs. Holanda<br \/>\n18:00 hs. Col\u00f3n Vs. Palometas<\/p>\n<p><strong><em>S\u00e1bado 30 de septiembre, cancha Defensores<\/em><\/strong><br \/>\n15:00 hs. Defensores Vs. Trocha<br \/>\n17:00 hs. Gowland Vs. Uni\u00f3n<br \/>\n19:0 hs. V\u00e9l\u00e9z Vs. Los Carteros<\/p>\n<p><em><strong>S\u00e1bado 30 de septiembre, cancha Estudiantes <\/strong><\/em><br \/>\n13:30 hs. Estudiantes Vs. Quilmes<\/p>\n<p><em><strong>S\u00e1bado 30 de septiembre, cancha El Tim\u00f3n<\/strong><\/em><br \/>\n14:30 hs. El Tim\u00f3n Vs. El Front\u00f3n<\/p>\n<p><em><strong>S\u00e1bado 30 de septiembre, cancha Juventud<\/strong><\/em><br \/>\n19:00 hs. Juventud Vs. Ateneo<\/p>\n<p><em><strong>S\u00e1bado 30 de septiembre, cancha Mercedes<\/strong><\/em><br \/>\n21:15 hs. Mercedes Vs. Pabell\u00f3n Argentino<\/p>\n<p><em><strong>Domingo 1 de octubre, cancha Atl\u00e9tico Marcos Paz<\/strong><\/em><br \/>\n14:00 hs. Atl\u00e9tico Marcos Paz Vs. La Tijera<\/p>\n<h2 style=\"text-align: center;\"><span style=\"color: #ff0000;\"><strong>INFERIORES VARONES<\/strong><\/span><\/h2>\n<p>&nbsp;<\/p>\n<p><strong>Quilmes Vs. El Front\u00f3n<\/strong><br \/>\nVIERNES 20:00 hs. Categor\u00eda 5\u00aa<\/p>\n<p><strong>SABADO<\/strong><br \/>\n12:00 hs. Categor\u00eda 2015<br \/>\n13:00 hs. Categor\u00eda 2014<br \/>\n14:00 hs. Categor\u00eda 2013<br \/>\n15:00 hs. Categor\u00eda 2012<\/p>\n<p>10:00 hs Categor\u00eda 2008<br \/>\n11:15 hs Categor\u00eda 2009<br \/>\n12:30 hs Categor\u00eda 2010<br \/>\n13:45 hs Categor\u00eda 2011<\/p>\n<p><strong>La Tijera Vs. Holanda<\/strong><br \/>\n10:15 hs Categor\u00eda 2010<br \/>\n11:30 hs Categor\u00eda 2008<br \/>\n12:45 hs Categor\u00eda 5a<\/p>\n<p><strong>Gowland Vs. V\u00e9lez<\/strong><br \/>\n13:00 hs. Categor\u00eda 2013<br \/>\n14:00 hs. Categor\u00eda 2012<br \/>\n15:00 hs. Categor\u00eda 2014<\/p>\n<p>11:00 hs. Categor\u00eda 2010<\/p>\n<p><strong>El Tim\u00f3n Vs. V\u00e9lez<\/strong><br \/>\n10:30 hs. Categor\u00eda 2009<br \/>\n11:45 hs. Categor\u00eda 2008<br \/>\n13:00 hs. Categor\u00eda 5\u00aa<\/p>\n<p><strong>Trocha Vs. Los Carteros<\/strong><br \/>\n14:00 hs. Categor\u00eda 2015<br \/>\n15:00 hs. Categor\u00eda 2014<br \/>\n16:00 hs. Categor\u00eda 2013<br \/>\n17:00 hs. Categor\u00eda 2012<\/p>\n<p>12:00 hs Categor\u00eda 2011<br \/>\n13:15 hs Categor\u00eda 2010<br \/>\n14:30 hs Categor\u00eda 2008<br \/>\n15:45 hs. Categor\u00eda 5\u00aa<\/p>\n<p><strong>Talleres Vs. Defensores<\/strong><br \/>\n14:00 hs. Categor\u00eda 2015<br \/>\n15:00 hs. Categor\u00eda 2014<br \/>\n16:00 hs. Categor\u00eda 2013<br \/>\n17:00 hs. Categor\u00eda 2012<\/p>\n<p><strong>Pabell\u00f3n Argentino Vs. Defensores<\/strong><br \/>\n11:00 hs Categor\u00eda 2011<br \/>\n12:15 hs Categor\u00eda 2010<br \/>\n13:30 hs Categor\u00eda 2009<br \/>\nPostergado Categor\u00eda 2008<br \/>\nPostergado Categor\u00eda 5\u00aa<\/p>\n<p><strong>Ateneo Vs. Juventud<\/strong><br \/>\n13:00 hs. Categor\u00eda 2015<br \/>\n14:00 hs. Categor\u00eda 2014<br \/>\n15:00 hs. Categor\u00eda 2013<br \/>\n16:00 hs. Categor\u00eda 2012<\/p>\n<p>10:15 hs Categor\u00eda 2011<br \/>\n11:30 hs Categor\u00eda 2010<br \/>\n12:45 hs Categor\u00eda 2009<br \/>\n14:00 hs Categor\u00eda 2008<br \/>\n15:15 hs. Categor\u00eda 5\u00aa<\/p>\n<p><strong>Uni\u00f3n Vs. Estudiantes<\/strong><br \/>\n13:00 hs. Categor\u00eda 2015<br \/>\n14:00 hs. Categor\u00eda 2014<br \/>\n15:00 hs. Categor\u00eda 2013<br \/>\n16:00 hs. Categor\u00eda 2012<\/p>\n<p>11:00 hs Categor\u00eda 2011<br \/>\n12:15 hs Categor\u00eda 2010<br \/>\n13:30 hs Categor\u00eda 2009<br \/>\n14:45 hs Categor\u00eda 2008<br \/>\n16:00 hs. Categor\u00eda 5\u00aa<\/p>\n<p><strong>Mercedes Vs. Palometas<\/strong><br \/>\nVIERNES<br \/>\n18:30 hs. Categor\u00eda 2011<\/p>\n<p>SABADO<br \/>\n13:30 hs. Categor\u00eda 2015<br \/>\n14:30 hs. Categor\u00eda 2014<br \/>\n15:30 hs. Categor\u00eda 2013<br \/>\n16:30 hs. Categor\u00eda 2012<\/p>\n<p>10:00 hs. Categor\u00eda 5a<br \/>\n11:30 hs Categor\u00eda 2010<br \/>\n12:30 hs Categor\u00eda 2009<br \/>\n14:00 hs. Categor\u00eda 2008<\/p>\n<h2 style=\"text-align: center;\"><strong><span style=\"color: #ff0000;\">FEMENINO PRIMERA<\/span><\/strong><\/h2>\n<p><em><strong>S\u00e1bado 30 de septiembre, cancha Defensores<\/strong><\/em><br \/>\n13:00 hs. AMEFIP Vs. Los Carteros<\/p>\n<p><em><strong>S\u00e1bado 30 de septiembre, cancha La Tijera<\/strong><\/em><br \/>\n14:15 hs. La Tijera Vs. Trocha<\/p>\n<p><em><strong>S\u00e1bado 30 de septiembre, cancha El Tim\u00f3n<\/strong><\/em><br \/>\n16:15 hs. El Tim\u00f3n Vs. Defensores<\/p>\n<p><em><strong>S\u00e1bado 30 de septiembre, cancha Flandria <\/strong><\/em><br \/>\n17:00 hs. Flandria Vs. Pabell\u00f3n Argentino<\/p>\n<p><em><strong>S\u00e1bado 30 de septiembre, cancha Mercedes<\/strong><\/em><br \/>\n18:00 hs. Mercedes Vs. Deportivo Gowland<\/p>\n<p><em><strong>Domingo 1 de octubre, cancha Liga Mercedina<\/strong><\/em><br \/>\n11:00 hs. Palometas Vs. Atl\u00e9tico Marcos Paz<\/p>\n<p><em><strong>Por confirmar<\/strong><\/em><br \/>\nV\u00e9lez Vs. El Front\u00f3n<\/p>\n<p>&nbsp;<\/p>\n<h2 style=\"text-align: center;\"><span style=\"color: #ff0000;\"><strong>INFERIORES FEMENINO<\/strong><\/span><\/h2>\n<p>&nbsp;<\/p>\n<p>&nbsp;<\/p>\n","protected":false},"excerpt":{"rendered":"<p>El presente es el programa de partidos que se va actualizando de acuerdo a las confirmaciones informadas por los distintos delegados PROGRAMA DE PARTIDOS SABADO 30 Y DOMINGO 1 PRIMERA DIVISION S\u00e1bado 30 de septiembre, cancha Liga Mercedina 13:00 hs. Talleres Vs. Holanda 15:00 hs. V\u00e9lez Vs. Los Carteros 17:00 hs. AMEFIP Vs. All Haz 19:00 hs. Mercedes Vs. Pabell\u00f3n<\/p>\n","protected":false},"author":2,"featured_media":0,"comment_status":"open","ping_status":"open","sticky":false,"template":"","format":"standard","meta":{"footnotes":""},"categories":[4],"tags":[],"class_list":["post-31204","post","type-post","status-publish","format-standard","hentry","category-informaciongeneral"],"_links":{"self":[{"href":"https:\/\/ligamercedina.com\/web\/wp-json\/wp\/v2\/posts\/31204","targetHints":{"allow":["GET"]}}],"collection":[{"href":"https:\/\/ligamercedina.com\/web\/wp-json\/wp\/v2\/posts"}],"about":[{"href":"https:\/\/ligamercedina.com\/web\/wp-json\/wp\/v2\/types\/post"}],"author":[{"embeddable":true,"href":"https:\/\/ligamercedina.com\/web\/wp-json\/wp\/v2\/users\/2"}],"replies":[{"embeddable":true,"href":"https:\/\/ligamercedina.com\/web\/wp-json\/wp\/v2\/comments?post=31204"}],"version-history":[{"count":19,"href":"https:\/\/ligamercedina.com\/web\/wp-json\/wp\/v2\/posts\/31204\/revisions"}],"predecessor-version":[{"id":31253,"href":"https:\/\/ligamercedina.com\/web\/wp-json\/wp\/v2\/posts\/31204\/revisions\/31253"}],"wp:attachment":[{"href":"https:\/\/ligamercedina.com\/web\/wp-json\/wp\/v2\/media?parent=31204"}],"wp:term":[{"taxonomy":"category","embeddable":true,"href":"https:\/\/ligamercedina.com\/web\/wp-json\/wp\/v2\/categories?post=31204"},{"taxonomy":"post_tag","embeddable":true,"href":"https:\/\/ligamercedina.com\/web\/wp-json\/wp\/v2\/tags?post=31204"}],"curies":[{"name":"wp","href":"https:\/\/api.w.org\/{rel}","templated":true}]}}