{"id":312,"date":"2007-12-12T09:11:16","date_gmt":"2007-12-12T12:11:16","guid":{"rendered":"https:\/\/ligamercedina.com\/?p=312"},"modified":"2007-12-12T09:11:16","modified_gmt":"2007-12-12T12:11:16","slug":"tres-ligas-confirmaron-tres-de-las-cuatro-finales","status":"publish","type":"post","link":"https:\/\/ligamercedina.com\/web\/tres-ligas-confirmaron-tres-de-las-cuatro-finales\/","title":{"rendered":"TRES LIGAS: CONFIRMARON TRES DE LAS CUATRO FINALES"},"content":{"rendered":"<p><strong>En la noche de ayer martes, en la ciudad de San Antonio de Areco se celebr\u00f3 la reuni\u00f3n programada entre dirigentes de la Uni\u00f3n Regional Tres Ligas. All\u00ed estuvieron presentes los Presidentes de las Ligas de San Antonio de Areco &#8211; Jos\u00e9 Bruno -, Z\u00e1rate &#8211; Mario Alcar\u00e1z &#8211; y Mercedes &#8211; Armando Ponce -.<br \/>\nAsimimo, tambi\u00e9n participaron del encuentro, dirigentes de Club Mercedes, quienes tienen clasificados los equipos de Sub 13 y Sub 17 para las finales.<br \/>\nEl motivo del encuentro ten\u00eda que ver con una series de hechos de violencia que se vivieron en partidos de las categor\u00edas Sub 15 y Sub 17.<br \/>\nFinalmente qued\u00f3 acordado que el partido de ida por Sub 13, entre San Carlos y Club Mercedes se jugar\u00e1 el domingo en la localidad de Capit\u00e1n Sarmiento.<br \/>\nEn Sub 15, Estudiantes y Ateneo se enfrentar\u00e1n en cancha de la Liga, desde las 15:30.<br \/>\nEn Primera, Estudiantes y Palometas jugar\u00e1n a partir de las 16:45.<br \/>\nEn tanto, reci\u00e9n hoy podr\u00eda haber definiciones sobre el partido que deben jugar en Sub 17 los equipos de Ferroviarios y Club Mercedes.<\/strong><\/p>\n","protected":false},"excerpt":{"rendered":"<p>En la noche de ayer martes, en la ciudad de San Antonio de Areco se celebr\u00f3 la reuni\u00f3n programada entre dirigentes de la Uni\u00f3n Regional Tres Ligas. All\u00ed estuvieron presentes los Presidentes de las Ligas de San Antonio de Areco &#8211; Jos\u00e9 Bruno -, Z\u00e1rate &#8211; Mario Alcar\u00e1z &#8211; y Mercedes &#8211; Armando Ponce -. Asimimo, tambi\u00e9n participaron del encuentro,<\/p>\n","protected":false},"author":1,"featured_media":0,"comment_status":"open","ping_status":"open","sticky":false,"template":"","format":"standard","meta":{"footnotes":""},"categories":[4],"tags":[],"class_list":["post-312","post","type-post","status-publish","format-standard","hentry","category-informaciongeneral"],"_links":{"self":[{"href":"https:\/\/ligamercedina.com\/web\/wp-json\/wp\/v2\/posts\/312","targetHints":{"allow":["GET"]}}],"collection":[{"href":"https:\/\/ligamercedina.com\/web\/wp-json\/wp\/v2\/posts"}],"about":[{"href":"https:\/\/ligamercedina.com\/web\/wp-json\/wp\/v2\/types\/post"}],"author":[{"embeddable":true,"href":"https:\/\/ligamercedina.com\/web\/wp-json\/wp\/v2\/users\/1"}],"replies":[{"embeddable":true,"href":"https:\/\/ligamercedina.com\/web\/wp-json\/wp\/v2\/comments?post=312"}],"version-history":[{"count":0,"href":"https:\/\/ligamercedina.com\/web\/wp-json\/wp\/v2\/posts\/312\/revisions"}],"wp:attachment":[{"href":"https:\/\/ligamercedina.com\/web\/wp-json\/wp\/v2\/media?parent=312"}],"wp:term":[{"taxonomy":"category","embeddable":true,"href":"https:\/\/ligamercedina.com\/web\/wp-json\/wp\/v2\/categories?post=312"},{"taxonomy":"post_tag","embeddable":true,"href":"https:\/\/ligamercedina.com\/web\/wp-json\/wp\/v2\/tags?post=312"}],"curies":[{"name":"wp","href":"https:\/\/api.w.org\/{rel}","templated":true}]}}