{"id":31170,"date":"2023-09-18T23:31:20","date_gmt":"2023-09-19T02:31:20","guid":{"rendered":"https:\/\/ligamercedina.com\/web\/?p=31170"},"modified":"2023-09-19T11:03:20","modified_gmt":"2023-09-19T14:03:20","slug":"primera-division-horarios-para-el-fin-de-semana-19","status":"publish","type":"post","link":"https:\/\/ligamercedina.com\/web\/primera-division-horarios-para-el-fin-de-semana-19\/","title":{"rendered":"PRIMERA DIVISION Y RESERVA : HORARIOS PARA EL FIN DE SEMANA"},"content":{"rendered":"<h3 style=\"text-align: center;\"><span style=\"color: #ff0000;\"><strong>PRIMERA DIVISION<\/strong><\/span><\/h3>\n<p style=\"text-align: left;\"><em><strong>S\u00e1bado 23 de septiembre, cancha El Front\u00f3n<\/strong><\/em><br \/>\n15:00 hs. El Front\u00f3n Vs. Estudiantes<\/p>\n<p><em><strong>S\u00e1bado 23 de septiembre, cancha Pabell\u00f3n Argentino<\/strong><\/em><br \/>\n18:00 hs. Pabell\u00f3n Argentino Vs. Ateneo<\/p>\n<p><em><strong>S\u00e1bado 23 de septiembre, cancha Liga Mercedina<\/strong><\/em><br \/>\n19:00 hs. Holanda Vs. Atl\u00e9tico Marcos Paz<br \/>\n21:00 hs. Uni\u00f3n Vs. Col\u00f3n<\/p>\n<p><em><strong>Domingo 24 de septiembre, cancha Liga Mercedina<\/strong><\/em><br \/>\n11:00 hs. AMEFIP Vs. V\u00e9lez<br \/>\n13:00 hs. Los Carteros Vs. El Tim\u00f3n<br \/>\n15:00 hs. Quilmes Vs. Mercedes<br \/>\n17:00 hs. Trocha Vs. Juventud<\/p>\n<p><em><strong>Domingo 24 de septiembre, cancha V\u00e9lez Sarsfield<\/strong><\/em><br \/>\n13:30 hs. All Haz Vs. Defensores<br \/>\n15:30 hs. Palometas Vs. Talleres<\/p>\n<p><em><strong>Domingo 24 de septiembre, cancha La Tijera<\/strong><\/em><br \/>\n16:00 hs. La Tijera Vs. Atl\u00e9tico General Rodr\u00edguez<\/p>\n<p>&nbsp;<\/p>\n<p>&nbsp;<\/p>\n<h3 style=\"text-align: center;\"><span style=\"color: #ff0000;\"><strong>RESERVA<\/strong><\/span><\/h3>\n<p><em><strong>Viernes 22 de septiembre, cancha Quilmes<\/strong><\/em><\/p>\n<p>20:00 hs. Quilmes Vs. Mercedes<\/p>\n<p><em><strong>S\u00e1bado 23 de septiembre, cancha Trocha<\/strong><\/em><br \/>\n16:00 hs. Trocha Vs. Juventud<\/p>\n<p><em><strong>S\u00e1bado 23 de septiembre, cancha Uni\u00f3n<\/strong><\/em><br \/>\n15:00 hs. AMEFIP Vs. V\u00e9lez<br \/>\n17:00 hs. Uni\u00f3n Vs. Col\u00f3n<\/p>\n<p><em><strong>S\u00e1bado 23 de septiembre, cancha Ateneo<\/strong><\/em><br \/>\n16:00 hs. Holanda Vs. Atl\u00e9tico Marcos Paz<\/p>\n<p><em><strong>S\u00e1bado 23 de septiembre, cancha El Front\u00f3n<\/strong><\/em><br \/>\n17:00 hs. El Front\u00f3n Vs. Estudiantes<\/p>\n<p><em><strong>S\u00e1bado 23 de septiembre, cancha Los Carteros<\/strong><\/em><br \/>\n17:45 hs. Los Carteros Vs. El Tim\u00f3n<\/p>\n<p><em><strong>S\u00e1bado 23 de septiembre, cancha Palometas<\/strong><\/em><br \/>\n18:00 hs. Palometas Vs. Talleres<\/p>\n<p><em><strong>S\u00e1bado 23 de septiembre, cancha Pabell\u00f3n Argentino<\/strong><\/em><br \/>\n20:00 hs. Pabell\u00f3n Argentino Vs. Ateneo<\/p>\n<p><em><strong>Domingo 24 de septiembre, cancha Los Carteros<\/strong><\/em><br \/>\n16:30 hs. All Haz Vs. Defensores<\/p>\n<p><em><strong>Domingo 24 de septiembre, cancha La Tijera<\/strong><\/em><br \/>\n18:00 hs. La Tijera Vs. Atl\u00e9tico General Rodr\u00edguez<\/p>\n","protected":false},"excerpt":{"rendered":"<p>PRIMERA DIVISION S\u00e1bado 23 de septiembre, cancha El Front\u00f3n 15:00 hs. El Front\u00f3n Vs. Estudiantes S\u00e1bado 23 de septiembre, cancha Pabell\u00f3n Argentino 18:00 hs. Pabell\u00f3n Argentino Vs. Ateneo S\u00e1bado 23 de septiembre, cancha Liga Mercedina 19:00 hs. Holanda Vs. Atl\u00e9tico Marcos Paz 21:00 hs. Uni\u00f3n Vs. Col\u00f3n Domingo 24 de septiembre, cancha Liga Mercedina 11:00 hs. AMEFIP Vs. V\u00e9lez 13:00<\/p>\n","protected":false},"author":2,"featured_media":0,"comment_status":"open","ping_status":"open","sticky":false,"template":"","format":"standard","meta":{"footnotes":""},"categories":[4],"tags":[],"class_list":["post-31170","post","type-post","status-publish","format-standard","hentry","category-informaciongeneral"],"_links":{"self":[{"href":"https:\/\/ligamercedina.com\/web\/wp-json\/wp\/v2\/posts\/31170","targetHints":{"allow":["GET"]}}],"collection":[{"href":"https:\/\/ligamercedina.com\/web\/wp-json\/wp\/v2\/posts"}],"about":[{"href":"https:\/\/ligamercedina.com\/web\/wp-json\/wp\/v2\/types\/post"}],"author":[{"embeddable":true,"href":"https:\/\/ligamercedina.com\/web\/wp-json\/wp\/v2\/users\/2"}],"replies":[{"embeddable":true,"href":"https:\/\/ligamercedina.com\/web\/wp-json\/wp\/v2\/comments?post=31170"}],"version-history":[{"count":7,"href":"https:\/\/ligamercedina.com\/web\/wp-json\/wp\/v2\/posts\/31170\/revisions"}],"predecessor-version":[{"id":31186,"href":"https:\/\/ligamercedina.com\/web\/wp-json\/wp\/v2\/posts\/31170\/revisions\/31186"}],"wp:attachment":[{"href":"https:\/\/ligamercedina.com\/web\/wp-json\/wp\/v2\/media?parent=31170"}],"wp:term":[{"taxonomy":"category","embeddable":true,"href":"https:\/\/ligamercedina.com\/web\/wp-json\/wp\/v2\/categories?post=31170"},{"taxonomy":"post_tag","embeddable":true,"href":"https:\/\/ligamercedina.com\/web\/wp-json\/wp\/v2\/tags?post=31170"}],"curies":[{"name":"wp","href":"https:\/\/api.w.org\/{rel}","templated":true}]}}