{"id":31135,"date":"2023-09-11T13:16:08","date_gmt":"2023-09-11T16:16:08","guid":{"rendered":"https:\/\/ligamercedina.com\/web\/?p=31135"},"modified":"2023-09-11T13:16:08","modified_gmt":"2023-09-11T16:16:08","slug":"futbol-femenino-horarios-para-el-fin-de-semana-58","status":"publish","type":"post","link":"https:\/\/ligamercedina.com\/web\/futbol-femenino-horarios-para-el-fin-de-semana-58\/","title":{"rendered":"FUTBOL FEMENINO: HORARIOS PARA EL FIN DE SEMANA"},"content":{"rendered":"<p><em><strong>S\u00e1bado 16 de septiembre, cancha La Tijera<\/strong><\/em><br \/>\n15:30 hs. La Tijera Vs. Deportivo Gowland<\/p>\n<p><em><strong>S\u00e1bado 16 de septiembre, cancha Estudiantes<\/strong><\/em><br \/>\n16:45 hs. AMEFIP Vs. El Front\u00f3n<\/p>\n<p><em><strong>S\u00e1bado 16 de septiembre, cancha V\u00e9lez<\/strong><\/em><br \/>\n17:00 hs. V\u00e9lez Vs. Defensores<\/p>\n<p><em><strong>S\u00e1bado 16 de septiembre, cancha Uni\u00f3n<\/strong><\/em><br \/>\n17:45 hs. Uni\u00f3n Vs. Trocha<\/p>\n<p><em><strong>S\u00e1bado 16 de septiembre, cancha Mercedes<\/strong><\/em><br \/>\n17:45 hs. Mercedes Vs. Pabell\u00f3n Argentino<\/p>\n<p><em><strong>S\u00e1bado 16 de septiembre, cancha Flandria<\/strong><\/em><br \/>\n20:00 hs. Flandria Vs. Palometas<\/p>\n<p><em><strong>Domingo 17 de septiembre, cancha El Tim\u00f3n<\/strong><\/em><br \/>\n16:30 hs. El Tim\u00f3n Vs. Atl\u00e9tico Marcos Paz<\/p>\n","protected":false},"excerpt":{"rendered":"<p>S\u00e1bado 16 de septiembre, cancha La Tijera 15:30 hs. La Tijera Vs. Deportivo Gowland S\u00e1bado 16 de septiembre, cancha Estudiantes 16:45 hs. AMEFIP Vs. El Front\u00f3n S\u00e1bado 16 de septiembre, cancha V\u00e9lez 17:00 hs. V\u00e9lez Vs. Defensores S\u00e1bado 16 de septiembre, cancha Uni\u00f3n 17:45 hs. Uni\u00f3n Vs. Trocha S\u00e1bado 16 de septiembre, cancha Mercedes 17:45 hs. Mercedes Vs. Pabell\u00f3n Argentino<\/p>\n","protected":false},"author":2,"featured_media":0,"comment_status":"open","ping_status":"open","sticky":false,"template":"","format":"standard","meta":{"footnotes":""},"categories":[4],"tags":[],"class_list":["post-31135","post","type-post","status-publish","format-standard","hentry","category-informaciongeneral"],"_links":{"self":[{"href":"https:\/\/ligamercedina.com\/web\/wp-json\/wp\/v2\/posts\/31135","targetHints":{"allow":["GET"]}}],"collection":[{"href":"https:\/\/ligamercedina.com\/web\/wp-json\/wp\/v2\/posts"}],"about":[{"href":"https:\/\/ligamercedina.com\/web\/wp-json\/wp\/v2\/types\/post"}],"author":[{"embeddable":true,"href":"https:\/\/ligamercedina.com\/web\/wp-json\/wp\/v2\/users\/2"}],"replies":[{"embeddable":true,"href":"https:\/\/ligamercedina.com\/web\/wp-json\/wp\/v2\/comments?post=31135"}],"version-history":[{"count":1,"href":"https:\/\/ligamercedina.com\/web\/wp-json\/wp\/v2\/posts\/31135\/revisions"}],"predecessor-version":[{"id":31136,"href":"https:\/\/ligamercedina.com\/web\/wp-json\/wp\/v2\/posts\/31135\/revisions\/31136"}],"wp:attachment":[{"href":"https:\/\/ligamercedina.com\/web\/wp-json\/wp\/v2\/media?parent=31135"}],"wp:term":[{"taxonomy":"category","embeddable":true,"href":"https:\/\/ligamercedina.com\/web\/wp-json\/wp\/v2\/categories?post=31135"},{"taxonomy":"post_tag","embeddable":true,"href":"https:\/\/ligamercedina.com\/web\/wp-json\/wp\/v2\/tags?post=31135"}],"curies":[{"name":"wp","href":"https:\/\/api.w.org\/{rel}","templated":true}]}}