{"id":31132,"date":"2023-09-11T12:46:25","date_gmt":"2023-09-11T15:46:25","guid":{"rendered":"https:\/\/ligamercedina.com\/web\/?p=31132"},"modified":"2023-09-12T19:33:17","modified_gmt":"2023-09-12T22:33:17","slug":"primera-division-horarios-para-el-fin-de-semana-18","status":"publish","type":"post","link":"https:\/\/ligamercedina.com\/web\/primera-division-horarios-para-el-fin-de-semana-18\/","title":{"rendered":"PRIMERA DIVISION: HORARIOS PARA EL FIN DE SEMANA"},"content":{"rendered":"<p><strong><em>S\u00e1bado 16 de septiembre, cancha Liga Mercedina<\/em><\/strong><br \/>\n13:00 hs. Trocha Vs. All Haz<br \/>\n15:00 hs. Deportivo Gowland Vs. Col\u00f3n<br \/>\n17:00 hs. Estudiantes Vs. Los Carteros<br \/>\n19:00 hs. El Tim\u00f3n Vs. AMEFIP<\/p>\n<p><strong><em>S\u00e1bado 16 de septiembre, cancha V\u00e9lez <\/em><\/strong><br \/>\n13:00 hs. Talleres Vs. Atl\u00e9tico Gral. Rodr\u00edguez<br \/>\n15:00 hs. V\u00e9lez Vs. Defensores<\/p>\n<p><strong><em>Domingo 17 de septiembre, cancha Liga Mercedina<\/em><\/strong><br \/>\n13:00 hs. Ateneo Vs. Quilmes<br \/>\n15:00 hs. Mercedes Vs. El Front\u00f3n<br \/>\n17:00 hs. Holanda Vs. La Tijera<\/p>\n<p><strong><em>Domingo 17 de septiembre, cancha Atl\u00e9tico Marcos Paz<\/em><\/strong><br \/>\n15:30 hs. Atl\u00e9tico Marcos Paz Vs. Uni\u00f3n<\/p>\n<p>&nbsp;<br \/>\n<strong><em>Domingo 17 de septiembre, cancha Juventud<\/em><\/strong><br \/>\n16:00 hs. Juventud Vs. Pabell\u00f3n Argentino<\/p>\n","protected":false},"excerpt":{"rendered":"<p>S\u00e1bado 16 de septiembre, cancha Liga Mercedina 13:00 hs. Trocha Vs. All Haz 15:00 hs. Deportivo Gowland Vs. Col\u00f3n 17:00 hs. Estudiantes Vs. Los Carteros 19:00 hs. El Tim\u00f3n Vs. AMEFIP S\u00e1bado 16 de septiembre, cancha V\u00e9lez 13:00 hs. Talleres Vs. Atl\u00e9tico Gral. Rodr\u00edguez 15:00 hs. V\u00e9lez Vs. Defensores Domingo 17 de septiembre, cancha Liga Mercedina 13:00 hs. Ateneo Vs.<\/p>\n","protected":false},"author":2,"featured_media":0,"comment_status":"open","ping_status":"open","sticky":false,"template":"","format":"standard","meta":{"footnotes":""},"categories":[4],"tags":[],"class_list":["post-31132","post","type-post","status-publish","format-standard","hentry","category-informaciongeneral"],"_links":{"self":[{"href":"https:\/\/ligamercedina.com\/web\/wp-json\/wp\/v2\/posts\/31132","targetHints":{"allow":["GET"]}}],"collection":[{"href":"https:\/\/ligamercedina.com\/web\/wp-json\/wp\/v2\/posts"}],"about":[{"href":"https:\/\/ligamercedina.com\/web\/wp-json\/wp\/v2\/types\/post"}],"author":[{"embeddable":true,"href":"https:\/\/ligamercedina.com\/web\/wp-json\/wp\/v2\/users\/2"}],"replies":[{"embeddable":true,"href":"https:\/\/ligamercedina.com\/web\/wp-json\/wp\/v2\/comments?post=31132"}],"version-history":[{"count":3,"href":"https:\/\/ligamercedina.com\/web\/wp-json\/wp\/v2\/posts\/31132\/revisions"}],"predecessor-version":[{"id":31147,"href":"https:\/\/ligamercedina.com\/web\/wp-json\/wp\/v2\/posts\/31132\/revisions\/31147"}],"wp:attachment":[{"href":"https:\/\/ligamercedina.com\/web\/wp-json\/wp\/v2\/media?parent=31132"}],"wp:term":[{"taxonomy":"category","embeddable":true,"href":"https:\/\/ligamercedina.com\/web\/wp-json\/wp\/v2\/categories?post=31132"},{"taxonomy":"post_tag","embeddable":true,"href":"https:\/\/ligamercedina.com\/web\/wp-json\/wp\/v2\/tags?post=31132"}],"curies":[{"name":"wp","href":"https:\/\/api.w.org\/{rel}","templated":true}]}}