{"id":31059,"date":"2023-09-05T23:20:01","date_gmt":"2023-09-06T02:20:01","guid":{"rendered":"https:\/\/ligamercedina.com\/web\/?p=31059"},"modified":"2023-09-07T18:16:07","modified_gmt":"2023-09-07T21:16:07","slug":"reserva-horarios-para-el-fin-de-semana-31","status":"publish","type":"post","link":"https:\/\/ligamercedina.com\/web\/reserva-horarios-para-el-fin-de-semana-31\/","title":{"rendered":"RESERVA: HORARIOS PARA EL FIN DE SEMANA"},"content":{"rendered":"<p><em><strong>S\u00e1bado 9 de septiembre, cancha Los Carteros<\/strong><\/em><br \/>\n14:00 hs. All Haz Vs. Juventud<br \/>\n16:00 hs. Los Carteros Vs. Mercedes<\/p>\n<p><em><strong>S\u00e1bado 9 de septiembre, cancha Trocha<\/strong><\/em><br \/>\n15:30 hs. Col\u00f3n Vs. Holanda<br \/>\n17:30 hs. AMEFIP Vs. Estudiante<br \/>\n19:30 hs. Trocha Vs. V\u00e9lez<\/p>\n<p>&nbsp;<\/p>\n<p><em><strong>S\u00e1bado 9 de septiembre, cancha Ateneo<\/strong><\/em><br \/>\n16:00 hs. Ateneo Vs. El Front\u00f3n<\/p>\n<p><em><strong>S\u00e1bado 9 de septiembre, cancha La Tijera<\/strong><\/em><br \/>\n17:30 hs. La Tijera Vs. Talleres<\/p>\n<p><em><strong>S\u00e1bado 9 de septiembre, cancha Defensores<\/strong><\/em><br \/>\n18:00 hs. Defensores Vs. El Tim\u00f3n<\/p>\n<p><em><strong>S\u00e1bado 9 de septiembre, cancha Quilmes<\/strong><\/em><br \/>\n18:00 hs. Quilmes Vs. Pabell\u00f3n Argentino<\/p>\n","protected":false},"excerpt":{"rendered":"<p>S\u00e1bado 9 de septiembre, cancha Los Carteros 14:00 hs. All Haz Vs. Juventud 16:00 hs. Los Carteros Vs. Mercedes S\u00e1bado 9 de septiembre, cancha Trocha 15:30 hs. Col\u00f3n Vs. Holanda 17:30 hs. AMEFIP Vs. Estudiante 19:30 hs. Trocha Vs. V\u00e9lez &nbsp; S\u00e1bado 9 de septiembre, cancha Ateneo 16:00 hs. Ateneo Vs. El Front\u00f3n S\u00e1bado 9 de septiembre, cancha La Tijera<\/p>\n","protected":false},"author":2,"featured_media":0,"comment_status":"open","ping_status":"open","sticky":false,"template":"","format":"standard","meta":{"footnotes":""},"categories":[4],"tags":[],"class_list":["post-31059","post","type-post","status-publish","format-standard","hentry","category-informaciongeneral"],"_links":{"self":[{"href":"https:\/\/ligamercedina.com\/web\/wp-json\/wp\/v2\/posts\/31059","targetHints":{"allow":["GET"]}}],"collection":[{"href":"https:\/\/ligamercedina.com\/web\/wp-json\/wp\/v2\/posts"}],"about":[{"href":"https:\/\/ligamercedina.com\/web\/wp-json\/wp\/v2\/types\/post"}],"author":[{"embeddable":true,"href":"https:\/\/ligamercedina.com\/web\/wp-json\/wp\/v2\/users\/2"}],"replies":[{"embeddable":true,"href":"https:\/\/ligamercedina.com\/web\/wp-json\/wp\/v2\/comments?post=31059"}],"version-history":[{"count":3,"href":"https:\/\/ligamercedina.com\/web\/wp-json\/wp\/v2\/posts\/31059\/revisions"}],"predecessor-version":[{"id":31071,"href":"https:\/\/ligamercedina.com\/web\/wp-json\/wp\/v2\/posts\/31059\/revisions\/31071"}],"wp:attachment":[{"href":"https:\/\/ligamercedina.com\/web\/wp-json\/wp\/v2\/media?parent=31059"}],"wp:term":[{"taxonomy":"category","embeddable":true,"href":"https:\/\/ligamercedina.com\/web\/wp-json\/wp\/v2\/categories?post=31059"},{"taxonomy":"post_tag","embeddable":true,"href":"https:\/\/ligamercedina.com\/web\/wp-json\/wp\/v2\/tags?post=31059"}],"curies":[{"name":"wp","href":"https:\/\/api.w.org\/{rel}","templated":true}]}}