{"id":31057,"date":"2023-09-05T23:07:03","date_gmt":"2023-09-06T02:07:03","guid":{"rendered":"https:\/\/ligamercedina.com\/web\/?p=31057"},"modified":"2023-09-05T23:07:03","modified_gmt":"2023-09-06T02:07:03","slug":"divisiones-inferiores-horarios-para-el-fin-de-semana-4","status":"publish","type":"post","link":"https:\/\/ligamercedina.com\/web\/divisiones-inferiores-horarios-para-el-fin-de-semana-4\/","title":{"rendered":"DIVISIONES INFERIORES: HORARIOS PARA EL FIN DE SEMANA"},"content":{"rendered":"<p><strong>La Tijera \u2013 Uni\u00f3n<\/strong><br \/>\n10:00 hs Categor\u00eda 2011<br \/>\n11:15 hs Categor\u00eda 2010<br \/>\n12:30 hs Categor\u00eda 2008<br \/>\n13:45 hs. Categor\u00eda 5\u00aa<\/p>\n<p><strong>Mercedes \u2013 Juventud<\/strong><br \/>\n13:00 hs. Categor\u00eda 2015<br \/>\n14:00 hs. Categor\u00eda 2014<br \/>\n15:00 hs. Categor\u00eda 2013<br \/>\n16:00 hs. Categor\u00eda 2012<\/p>\n<p>11:00 hs Categor\u00eda 2011<br \/>\n12:15 hs Categor\u00eda 2010<br \/>\n13:30 hs Categor\u00eda 2009<br \/>\n14:45 hs Categor\u00eda 2008<br \/>\n16:00 hs. Categor\u00eda 5\u00aa<\/p>\n<p><strong>Quilmes \u2013 Palometas<\/strong><br \/>\n11:30 hs. Categor\u00eda 2015<br \/>\n12:30 hs. Categor\u00eda 2014<br \/>\n13:30 hs. Categor\u00eda 2013<br \/>\n14:30 hs. Categor\u00eda 2012<\/p>\n<p>11:30 hs Categor\u00eda 2011<br \/>\n12:45 hs Categor\u00eda 2010<br \/>\n14:00 hs Categor\u00eda 2009<br \/>\n15:15 hs Categor\u00eda 2008<\/p>\n<p>LUNES A LAS 19:30 Categor\u00eda 5\u00aa<\/p>\n<p><strong>Estudiantes \u2013 Talleres<\/strong><br \/>\n13:00 hs. Categor\u00eda 2015<br \/>\n14:00 hs. Categor\u00eda 2014<br \/>\n15:00 hs. Categor\u00eda 2013<br \/>\n16:00 hs. Categor\u00eda 2012<\/p>\n<p><strong>Estudiantes \u2013 Pabell\u00f3n Argentino<\/strong><br \/>\n11:00 hs Categor\u00eda 2011<br \/>\n12:15 hs Categor\u00eda 2010<br \/>\n13:30 hs Categor\u00eda 2008<br \/>\n14:45 hs Categor\u00eda 2009<br \/>\n16:00 hs. Categor\u00eda 5\u00aa<\/p>\n<p><strong>Ateneo \u2013 Trocha<\/strong><br \/>\n13:00 hs. Categor\u00eda 2015<br \/>\n14:00 hs. Categor\u00eda 2014<br \/>\n15:00 hs. Categor\u00eda 2013<br \/>\n16:00 hs. Categor\u00eda 2012<\/p>\n<p>10:30 hs. Categor\u00eda 2008<br \/>\n11:45 hs. Categor\u00eda 5a<br \/>\n13:15 hs. Categor\u00eda 2010<br \/>\n14:30 hs. Categor\u00eda 2011<\/p>\n<p><strong>El Front\u00f3n Vs. Gowland<\/strong><br \/>\n11:30 hs. Categor\u00eda 2012<br \/>\n12:30 hs. Categor\u00eda 2013<br \/>\n13:30 hs. Categor\u00eda 2014<\/p>\n<p>10:30 hs. Categor\u00eda 2010<\/p>\n<p><strong>El Front\u00f3n \u2013 El Tim\u00f3n<\/strong><br \/>\n11:45 hs Categor\u00eda 2009<br \/>\n13:00 hs. Categor\u00eda 2008<br \/>\n14:30 hs. Categor\u00eda 5\u00aa<\/p>\n<p><strong>Defensores \u2013 Holanda<\/strong><br \/>\n13:00 hs. Categor\u00eda 2013<br \/>\n14:00 hs. Categor\u00eda 2012<\/p>\n<p>11:00 hs Categor\u00eda 2010<br \/>\n12:15 hs. Categor\u00eda 2008<br \/>\n13:30 hs. Categor\u00eda 5\u00aa<\/p>\n","protected":false},"excerpt":{"rendered":"<p>La Tijera \u2013 Uni\u00f3n 10:00 hs Categor\u00eda 2011 11:15 hs Categor\u00eda 2010 12:30 hs Categor\u00eda 2008 13:45 hs. Categor\u00eda 5\u00aa Mercedes \u2013 Juventud 13:00 hs. Categor\u00eda 2015 14:00 hs. Categor\u00eda 2014 15:00 hs. Categor\u00eda 2013 16:00 hs. Categor\u00eda 2012 11:00 hs Categor\u00eda 2011 12:15 hs Categor\u00eda 2010 13:30 hs Categor\u00eda 2009 14:45 hs Categor\u00eda 2008 16:00 hs. Categor\u00eda 5\u00aa Quilmes<\/p>\n","protected":false},"author":2,"featured_media":0,"comment_status":"open","ping_status":"open","sticky":false,"template":"","format":"standard","meta":{"footnotes":""},"categories":[4],"tags":[],"class_list":["post-31057","post","type-post","status-publish","format-standard","hentry","category-informaciongeneral"],"_links":{"self":[{"href":"https:\/\/ligamercedina.com\/web\/wp-json\/wp\/v2\/posts\/31057","targetHints":{"allow":["GET"]}}],"collection":[{"href":"https:\/\/ligamercedina.com\/web\/wp-json\/wp\/v2\/posts"}],"about":[{"href":"https:\/\/ligamercedina.com\/web\/wp-json\/wp\/v2\/types\/post"}],"author":[{"embeddable":true,"href":"https:\/\/ligamercedina.com\/web\/wp-json\/wp\/v2\/users\/2"}],"replies":[{"embeddable":true,"href":"https:\/\/ligamercedina.com\/web\/wp-json\/wp\/v2\/comments?post=31057"}],"version-history":[{"count":1,"href":"https:\/\/ligamercedina.com\/web\/wp-json\/wp\/v2\/posts\/31057\/revisions"}],"predecessor-version":[{"id":31058,"href":"https:\/\/ligamercedina.com\/web\/wp-json\/wp\/v2\/posts\/31057\/revisions\/31058"}],"wp:attachment":[{"href":"https:\/\/ligamercedina.com\/web\/wp-json\/wp\/v2\/media?parent=31057"}],"wp:term":[{"taxonomy":"category","embeddable":true,"href":"https:\/\/ligamercedina.com\/web\/wp-json\/wp\/v2\/categories?post=31057"},{"taxonomy":"post_tag","embeddable":true,"href":"https:\/\/ligamercedina.com\/web\/wp-json\/wp\/v2\/tags?post=31057"}],"curies":[{"name":"wp","href":"https:\/\/api.w.org\/{rel}","templated":true}]}}